{"id":558,"date":"2015-11-25T18:04:08","date_gmt":"2015-11-25T18:04:08","guid":{"rendered":"http:\/\/jugendfeuerwehr.wallerfangen.de\/?p=558"},"modified":"2016-02-27T11:21:31","modified_gmt":"2016-02-27T11:21:31","slug":"jugendfeuerwehr-backt-plaetzchen","status":"publish","type":"post","link":"http:\/\/jugendfeuerwehr.wallerfangen.de\/?p=558","title":{"rendered":"Jugendfeuerwehr backt Pl\u00e4tzchen"},"content":{"rendered":"<div data-canvas-width=\"281.9399999999999\"><\/div>\n<div data-canvas-width=\"281.9399999999999\"><a href=\"https:\/\/i0.wp.com\/jugendfeuerwehr.wallerfangen.de\/wp-content\/uploads\/2015\/12\/1.png\" rel=\"attachment wp-att-559\"><img data-attachment-id=\"559\" data-permalink=\"http:\/\/jugendfeuerwehr.wallerfangen.de\/?attachment_id=559\" data-orig-file=\"https:\/\/i0.wp.com\/jugendfeuerwehr.wallerfangen.de\/wp-content\/uploads\/2015\/12\/1.png?fit=371%2C294\" data-orig-size=\"371,294\" data-comments-opened=\"0\" data-image-meta=\"{&quot;aperture&quot;:&quot;0&quot;,&quot;credit&quot;:&quot;&quot;,&quot;camera&quot;:&quot;&quot;,&quot;caption&quot;:&quot;&quot;,&quot;created_timestamp&quot;:&quot;0&quot;,&quot;copyright&quot;:&quot;&quot;,&quot;focal_length&quot;:&quot;0&quot;,&quot;iso&quot;:&quot;0&quot;,&quot;shutter_speed&quot;:&quot;0&quot;,&quot;title&quot;:&quot;&quot;,&quot;orientation&quot;:&quot;0&quot;}\" data-image-title=\"1\" data-image-description=\"\" data-medium-file=\"https:\/\/i0.wp.com\/jugendfeuerwehr.wallerfangen.de\/wp-content\/uploads\/2015\/12\/1.png?fit=300%2C238\" data-large-file=\"https:\/\/i0.wp.com\/jugendfeuerwehr.wallerfangen.de\/wp-content\/uploads\/2015\/12\/1.png?fit=371%2C294\" loading=\"lazy\" class=\"alignnone size-medium wp-image-559\" src=\"https:\/\/i0.wp.com\/jugendfeuerwehr.wallerfangen.de\/wp-content\/uploads\/2015\/12\/1.png?resize=300%2C238\" alt=\"1\" width=\"300\" height=\"238\" srcset=\"https:\/\/i0.wp.com\/jugendfeuerwehr.wallerfangen.de\/wp-content\/uploads\/2015\/12\/1.png?resize=300%2C238 300w, https:\/\/i0.wp.com\/jugendfeuerwehr.wallerfangen.de\/wp-content\/uploads\/2015\/12\/1.png?w=371 371w\" sizes=\"(max-width: 300px) 100vw, 300px\" data-recalc-dims=\"1\" \/><\/a> <a href=\"https:\/\/i2.wp.com\/jugendfeuerwehr.wallerfangen.de\/wp-content\/uploads\/2015\/12\/2.png\" rel=\"attachment wp-att-560\"><img data-attachment-id=\"560\" data-permalink=\"http:\/\/jugendfeuerwehr.wallerfangen.de\/?attachment_id=560\" data-orig-file=\"https:\/\/i2.wp.com\/jugendfeuerwehr.wallerfangen.de\/wp-content\/uploads\/2015\/12\/2.png?fit=416%2C290\" data-orig-size=\"416,290\" data-comments-opened=\"0\" data-image-meta=\"{&quot;aperture&quot;:&quot;0&quot;,&quot;credit&quot;:&quot;&quot;,&quot;camera&quot;:&quot;&quot;,&quot;caption&quot;:&quot;&quot;,&quot;created_timestamp&quot;:&quot;0&quot;,&quot;copyright&quot;:&quot;&quot;,&quot;focal_length&quot;:&quot;0&quot;,&quot;iso&quot;:&quot;0&quot;,&quot;shutter_speed&quot;:&quot;0&quot;,&quot;title&quot;:&quot;&quot;,&quot;orientation&quot;:&quot;0&quot;}\" data-image-title=\"2\" data-image-description=\"\" data-medium-file=\"https:\/\/i2.wp.com\/jugendfeuerwehr.wallerfangen.de\/wp-content\/uploads\/2015\/12\/2.png?fit=300%2C209\" data-large-file=\"https:\/\/i2.wp.com\/jugendfeuerwehr.wallerfangen.de\/wp-content\/uploads\/2015\/12\/2.png?fit=416%2C290\" loading=\"lazy\" class=\"alignnone size-medium wp-image-560\" src=\"https:\/\/i2.wp.com\/jugendfeuerwehr.wallerfangen.de\/wp-content\/uploads\/2015\/12\/2.png?resize=300%2C209\" alt=\"2\" width=\"300\" height=\"209\" srcset=\"https:\/\/i2.wp.com\/jugendfeuerwehr.wallerfangen.de\/wp-content\/uploads\/2015\/12\/2.png?resize=300%2C209 300w, https:\/\/i2.wp.com\/jugendfeuerwehr.wallerfangen.de\/wp-content\/uploads\/2015\/12\/2.png?w=416 416w\" sizes=\"(max-width: 300px) 100vw, 300px\" data-recalc-dims=\"1\" \/><\/a> <a href=\"https:\/\/i0.wp.com\/jugendfeuerwehr.wallerfangen.de\/wp-content\/uploads\/2015\/12\/3.png\" rel=\"attachment wp-att-561\"><img data-attachment-id=\"561\" data-permalink=\"http:\/\/jugendfeuerwehr.wallerfangen.de\/?attachment_id=561\" data-orig-file=\"https:\/\/i0.wp.com\/jugendfeuerwehr.wallerfangen.de\/wp-content\/uploads\/2015\/12\/3.png?fit=414%2C245\" data-orig-size=\"414,245\" data-comments-opened=\"0\" data-image-meta=\"{&quot;aperture&quot;:&quot;0&quot;,&quot;credit&quot;:&quot;&quot;,&quot;camera&quot;:&quot;&quot;,&quot;caption&quot;:&quot;&quot;,&quot;created_timestamp&quot;:&quot;0&quot;,&quot;copyright&quot;:&quot;&quot;,&quot;focal_length&quot;:&quot;0&quot;,&quot;iso&quot;:&quot;0&quot;,&quot;shutter_speed&quot;:&quot;0&quot;,&quot;title&quot;:&quot;&quot;,&quot;orientation&quot;:&quot;0&quot;}\" data-image-title=\"3\" data-image-description=\"\" data-medium-file=\"https:\/\/i0.wp.com\/jugendfeuerwehr.wallerfangen.de\/wp-content\/uploads\/2015\/12\/3.png?fit=300%2C178\" data-large-file=\"https:\/\/i0.wp.com\/jugendfeuerwehr.wallerfangen.de\/wp-content\/uploads\/2015\/12\/3.png?fit=414%2C245\" loading=\"lazy\" class=\"alignnone size-medium wp-image-561\" src=\"https:\/\/i0.wp.com\/jugendfeuerwehr.wallerfangen.de\/wp-content\/uploads\/2015\/12\/3.png?resize=300%2C178\" alt=\"3\" width=\"300\" height=\"178\" srcset=\"https:\/\/i0.wp.com\/jugendfeuerwehr.wallerfangen.de\/wp-content\/uploads\/2015\/12\/3.png?resize=300%2C178 300w, https:\/\/i0.wp.com\/jugendfeuerwehr.wallerfangen.de\/wp-content\/uploads\/2015\/12\/3.png?w=414 414w\" sizes=\"(max-width: 300px) 100vw, 300px\" data-recalc-dims=\"1\" \/><\/a><\/div>\n<div data-canvas-width=\"185.69999999999996\"><\/div>\n<div data-canvas-width=\"185.69999999999996\">Ende November bereitete sich die Jugendfeuerwehr der Gemeinde Wallerfangen auf die bevorstehende Adventszeit vor.<\/div>\n<div data-canvas-width=\"185.69999999999996\"><\/div>\n<div data-canvas-width=\"185.69999999999996\">Und was darf im Advent auf keinen Fall fehlen? Nat\u00fcrlich die leckeren, selbst gemachtenPl\u00e4tzchen.<\/div>\n<div data-canvas-width=\"185.69999999999996\"><\/div>\n<div data-canvas-width=\"176.42\">Und sowar die vergangene \u00dcbungsstunde erf\u00fcllt vom Duft frisch gebackener Weihnachtspl\u00e4tzchen.<\/div>\n","protected":false},"excerpt":{"rendered":"<p>Ende November bereitete sich die Jugendfeuerwehr der Gemeinde Wallerfangen auf die bevorstehende Adventszeit vor. Und was darf im Advent auf keinen Fall fehlen? Nat\u00fcrlich die leckeren, selbst gemachtenPl\u00e4tzchen. Und sowar die vergangene \u00dcbungsstunde erf\u00fcllt vom Duft frisch gebackener Weihnachtspl\u00e4tzchen.<\/p>\n","protected":false},"author":2,"featured_media":0,"comment_status":"closed","ping_status":"closed","sticky":false,"template":"","format":"standard","meta":{"ngg_post_thumbnail":0,"spay_email":"","jetpack_publicize_message":"","jetpack_is_tweetstorm":false},"categories":[4],"tags":[],"jetpack_featured_media_url":"","jetpack_publicize_connections":[],"jetpack_sharing_enabled":true,"jetpack_shortlink":"https:\/\/wp.me\/p6XW54-90","jetpack-related-posts":[{"id":577,"url":"http:\/\/jugendfeuerwehr.wallerfangen.de\/?p=577","url_meta":{"origin":558,"position":0},"title":"Weihnachtsfeier","date":"13. Dezember 2015","format":false,"excerpt":"Die j\u00fcngsten der Feuerwehr Wallerfangen feierten Mitte Dezember ihre Weihnachtsfeier. In diesem Jahr hatten sich die Betreuer mal eine etwas andere Feier ausgedacht: Anstatt bei Kakao und Pl\u00e4tzchen drinnen zu feiern ging es in diesem Jahr raus in die Natur. Von D\u00fcren aus wanderten die Jugendlichen \u00fcber das Feld zur\u2026","rel":"","context":"In &quot;Neuigkeiten&quot;","img":{"alt_text":"DSC00287","src":"https:\/\/i2.wp.com\/jugendfeuerwehr.wallerfangen.de\/wp-content\/uploads\/2015\/11\/DSC00287-300x225.jpg?resize=350%2C200","width":350,"height":200},"classes":[]},{"id":97,"url":"http:\/\/jugendfeuerwehr.wallerfangen.de\/?p=97","url_meta":{"origin":558,"position":1},"title":"Kreisfeuerwehrtag in Dillingen - Jugendfeuerwehr Wallerfangen war mit dabei","date":"20. Juli 2014","format":false,"excerpt":"Auch die Jugendfeuerwehr Wallerfangen beteiligte sich Ende Juni am Kreisfeuerwehrtag in Dillingen. Denn die Stadt feierte gleichzeitig das 50-j\u00e4hrige Bestehen ihrer Jugendgruppe. So startete der Samstag mit einem \u201eMenschenkicker-Turnier\u201c, einem \u00fcberdimensionalen Tischfu\u00dfball mit menschlichen Spielern. Die Jugendlichen aber auch die Zuschauern hatten dabei viel Spa\u00df. Ein Spiel, dass viel Teamgeist\u2026","rel":"","context":"In &quot;Neuigkeiten&quot;","img":{"alt_text":"Bildschirmfoto 2015-11-30 um 15.50.10","src":"https:\/\/i2.wp.com\/jugendfeuerwehr.wallerfangen.de\/wp-content\/uploads\/2015\/11\/Bildschirmfoto-2015-11-30-um-15.50.10-300x128.png?resize=350%2C200","width":350,"height":200},"classes":[]},{"id":779,"url":"http:\/\/jugendfeuerwehr.wallerfangen.de\/?p=779","url_meta":{"origin":558,"position":2},"title":"Rommelboozen","date":"31. Oktober 2016","format":false,"excerpt":"Auch in diesem Jahr stand wieder \"Rommelboozen-Schnitzen\" auf dem Ausbildungsplan der Jugendfeuerwehr Wallerfangen. 12 Jugendfeuerwehrangeh\u00f6rige, bewaffnet mit Messern, S\u00e4gen und L\u00f6ffeln, waren zum gro\u00dfen Basteln gekommen. Die Kinder und Jugendliche hatten viel Spa\u00df beim gemeinsamen schnitzen. Und so entstanden am Ende lauter gruselige R\u00fcbengesichter. Gleichzeitig wurde von den flei\u00dfigen Helferinnen\u2026","rel":"","context":"In &quot;Neuigkeiten&quot;","img":{"alt_text":"","src":"https:\/\/i0.wp.com\/jugendfeuerwehr.wallerfangen.de\/wp-content\/uploads\/2016\/11\/k-P1010358-300x225.jpg?resize=350%2C200","width":350,"height":200},"classes":[]},{"id":648,"url":"http:\/\/jugendfeuerwehr.wallerfangen.de\/?p=648","url_meta":{"origin":558,"position":3},"title":"Jugendfeuerwehr Wallerfangen im Biwak","date":"1. Juni 2016","format":false,"excerpt":"Bei der Jugendfeuerwehr Wallerfangen ist immer was los. Noch vor den Sommerferien, an Fronleichnam, ging es f\u00fcr die Jungs und M\u00e4dchen der Wallerfanger Jugendfeuerwehr zu einem verl\u00e4ngerten Wochenende nach Bachem. Die Jugendbetreuer haben f\u00fcr die Campteilnehmer ein interessantes Programm zusammen-gestellt: so wurde eine F\u00fchrung durch den Wolfpark Merzig gemacht und\u2026","rel":"","context":"In &quot;Neuigkeiten&quot;","img":{"alt_text":"","src":"","width":0,"height":0},"classes":[]},{"id":91,"url":"http:\/\/jugendfeuerwehr.wallerfangen.de\/?p=91","url_meta":{"origin":558,"position":4},"title":"Jugendfeuerwehr Wallerfangen absolviert Leistungsspange","date":"30. Juli 2014","format":false,"excerpt":"Mitte Juli traf sich der Feuerwehrnachwuchs des Landkreises Saarlouis zur Abnahme des Jugendfeuerwehrleistungsabzeichens in Piesbach. Insgesamt 14 Gruppen \u00e0 neun Bewerber im Alter von 15 bis 18 Jahren stellten ihr K\u00f6nnen unter Beweis. Auch die Jugendfeuerwehr Wallerfangen stellte sich der Herausforderung. In drei gemeinsamen Gruppen mit Rehlingen- Siersburg nahmen sie\u2026","rel":"","context":"In &quot;Neuigkeiten&quot;","img":{"alt_text":"Bildschirmfoto 2015-11-30 um 15.41.19","src":"https:\/\/i2.wp.com\/jugendfeuerwehr.wallerfangen.de\/wp-content\/uploads\/2015\/11\/Bildschirmfoto-2015-11-30-um-15.41.19-300x223.png?resize=350%2C200","width":350,"height":200},"classes":[]},{"id":850,"url":"http:\/\/jugendfeuerwehr.wallerfangen.de\/?p=850","url_meta":{"origin":558,"position":5},"title":"Leistungsmarsch der Jugendfeuerwehr in Ittersdorf","date":"20. August 2017","format":false,"excerpt":"Am 19. August gab es f\u00fcr die J\u00fcngsten der Feuerwehr Wallerfangen Anlass zum Feiern. Die Jugendfeuerwehr Ittersdorf beging ihr 50-j\u00e4hriges Bestehen. Im Rahmen der Feierlichkeiten lud die Jugendfeuerwehr zu einem Leistungsmarsch ein. Fr\u00fch am Morgen starteten 14 Gruppen mit rund 70 Jungen und M\u00e4dchen auf die rund 4 km lange\u2026","rel":"","context":"In &quot;Neuigkeiten&quot;","img":{"alt_text":"","src":"https:\/\/i0.wp.com\/jugendfeuerwehr.wallerfangen.de\/wp-content\/uploads\/2017\/08\/k-IMG_0425-300x200.jpg?resize=350%2C200","width":350,"height":200},"classes":[]}],"_links":{"self":[{"href":"http:\/\/jugendfeuerwehr.wallerfangen.de\/index.php?rest_route=\/wp\/v2\/posts\/558"}],"collection":[{"href":"http:\/\/jugendfeuerwehr.wallerfangen.de\/index.php?rest_route=\/wp\/v2\/posts"}],"about":[{"href":"http:\/\/jugendfeuerwehr.wallerfangen.de\/index.php?rest_route=\/wp\/v2\/types\/post"}],"author":[{"embeddable":true,"href":"http:\/\/jugendfeuerwehr.wallerfangen.de\/index.php?rest_route=\/wp\/v2\/users\/2"}],"replies":[{"embeddable":true,"href":"http:\/\/jugendfeuerwehr.wallerfangen.de\/index.php?rest_route=%2Fwp%2Fv2%2Fcomments&post=558"}],"version-history":[{"count":2,"href":"http:\/\/jugendfeuerwehr.wallerfangen.de\/index.php?rest_route=\/wp\/v2\/posts\/558\/revisions"}],"predecessor-version":[{"id":563,"href":"http:\/\/jugendfeuerwehr.wallerfangen.de\/index.php?rest_route=\/wp\/v2\/posts\/558\/revisions\/563"}],"wp:attachment":[{"href":"http:\/\/jugendfeuerwehr.wallerfangen.de\/index.php?rest_route=%2Fwp%2Fv2%2Fmedia&parent=558"}],"wp:term":[{"taxonomy":"category","embeddable":true,"href":"http:\/\/jugendfeuerwehr.wallerfangen.de\/index.php?rest_route=%2Fwp%2Fv2%2Fcategories&post=558"},{"taxonomy":"post_tag","embeddable":true,"href":"http:\/\/jugendfeuerwehr.wallerfangen.de\/index.php?rest_route=%2Fwp%2Fv2%2Ftags&post=558"}],"curies":[{"name":"wp","href":"https:\/\/api.w.org\/{rel}","templated":true}]}}