{"id":577,"date":"2015-12-13T21:34:41","date_gmt":"2015-12-13T21:34:41","guid":{"rendered":"http:\/\/jugendfeuerwehr.wallerfangen.de\/?p=577"},"modified":"2016-02-27T11:21:41","modified_gmt":"2016-02-27T11:21:41","slug":"weihnachtsfeier","status":"publish","type":"post","link":"http:\/\/jugendfeuerwehr.wallerfangen.de\/?p=577","title":{"rendered":"Weihnachtsfeier"},"content":{"rendered":"<p>Die j\u00fcngsten der Feuerwehr Wallerfangen feierten Mitte Dezember ihre Weihnachtsfeier. In diesem Jahr hatten sich die Betreuer mal eine etwas andere Feier ausgedacht: Anstatt bei Kakao und Pl\u00e4tzchen drinnen zu feiern ging es in diesem Jahr raus in die Natur.<\/p>\n<p><a href=\"https:\/\/i2.wp.com\/jugendfeuerwehr.wallerfangen.de\/wp-content\/uploads\/2015\/11\/DSC00287.jpg\" rel=\"attachment wp-att-532\"><img data-attachment-id=\"532\" data-permalink=\"http:\/\/jugendfeuerwehr.wallerfangen.de\/?attachment_id=532\" data-orig-file=\"https:\/\/i2.wp.com\/jugendfeuerwehr.wallerfangen.de\/wp-content\/uploads\/2015\/11\/DSC00287.jpg?fit=1000%2C750\" data-orig-size=\"1000,750\" data-comments-opened=\"0\" data-image-meta=\"{&quot;aperture&quot;:&quot;3.3&quot;,&quot;credit&quot;:&quot;&quot;,&quot;camera&quot;:&quot;DSC-W830&quot;,&quot;caption&quot;:&quot;&quot;,&quot;created_timestamp&quot;:&quot;1449935709&quot;,&quot;copyright&quot;:&quot;&quot;,&quot;focal_length&quot;:&quot;4.5&quot;,&quot;iso&quot;:&quot;100&quot;,&quot;shutter_speed&quot;:&quot;0.033333333333333&quot;,&quot;title&quot;:&quot;&quot;,&quot;orientation&quot;:&quot;1&quot;}\" data-image-title=\"DSC00287\" data-image-description=\"\" data-medium-file=\"https:\/\/i2.wp.com\/jugendfeuerwehr.wallerfangen.de\/wp-content\/uploads\/2015\/11\/DSC00287.jpg?fit=300%2C225\" data-large-file=\"https:\/\/i2.wp.com\/jugendfeuerwehr.wallerfangen.de\/wp-content\/uploads\/2015\/11\/DSC00287.jpg?fit=525%2C394\" loading=\"lazy\" class=\"alignnone wp-image-532\" src=\"https:\/\/i2.wp.com\/jugendfeuerwehr.wallerfangen.de\/wp-content\/uploads\/2015\/11\/DSC00287.jpg?resize=388%2C291\" alt=\"DSC00287\" width=\"388\" height=\"291\" srcset=\"https:\/\/i2.wp.com\/jugendfeuerwehr.wallerfangen.de\/wp-content\/uploads\/2015\/11\/DSC00287.jpg?resize=300%2C225 300w, https:\/\/i2.wp.com\/jugendfeuerwehr.wallerfangen.de\/wp-content\/uploads\/2015\/11\/DSC00287.jpg?resize=768%2C576 768w, https:\/\/i2.wp.com\/jugendfeuerwehr.wallerfangen.de\/wp-content\/uploads\/2015\/11\/DSC00287.jpg?w=1000 1000w\" sizes=\"(max-width: 388px) 100vw, 388px\" data-recalc-dims=\"1\" \/><\/a><\/p>\n<p>Von D\u00fcren aus wanderten die Jugendlichen \u00fcber das Feld zur Teufelsburg in Felsberg. Damit auch jeder den Weg schaffte, wartete unterwegs eine Versorgungsstelle auf die Wanderer.<\/p>\n<p><a href=\"https:\/\/i0.wp.com\/jugendfeuerwehr.wallerfangen.de\/wp-content\/uploads\/2015\/11\/k-DSC00295.jpg\" rel=\"attachment wp-att-566\"><img data-attachment-id=\"566\" data-permalink=\"http:\/\/jugendfeuerwehr.wallerfangen.de\/?attachment_id=566\" data-orig-file=\"https:\/\/i0.wp.com\/jugendfeuerwehr.wallerfangen.de\/wp-content\/uploads\/2015\/11\/k-DSC00295.jpg?fit=1000%2C750\" data-orig-size=\"1000,750\" data-comments-opened=\"0\" data-image-meta=\"{&quot;aperture&quot;:&quot;0&quot;,&quot;credit&quot;:&quot;&quot;,&quot;camera&quot;:&quot;&quot;,&quot;caption&quot;:&quot;&quot;,&quot;created_timestamp&quot;:&quot;0&quot;,&quot;copyright&quot;:&quot;&quot;,&quot;focal_length&quot;:&quot;0&quot;,&quot;iso&quot;:&quot;0&quot;,&quot;shutter_speed&quot;:&quot;0&quot;,&quot;title&quot;:&quot;&quot;,&quot;orientation&quot;:&quot;0&quot;}\" data-image-title=\"k-DSC00295\" data-image-description=\"\" data-medium-file=\"https:\/\/i0.wp.com\/jugendfeuerwehr.wallerfangen.de\/wp-content\/uploads\/2015\/11\/k-DSC00295.jpg?fit=300%2C225\" data-large-file=\"https:\/\/i0.wp.com\/jugendfeuerwehr.wallerfangen.de\/wp-content\/uploads\/2015\/11\/k-DSC00295.jpg?fit=525%2C394\" loading=\"lazy\" class=\"alignnone wp-image-566\" src=\"https:\/\/i0.wp.com\/jugendfeuerwehr.wallerfangen.de\/wp-content\/uploads\/2015\/11\/k-DSC00295.jpg?resize=246%2C185\" alt=\"k-DSC00295\" width=\"246\" height=\"185\" srcset=\"https:\/\/i0.wp.com\/jugendfeuerwehr.wallerfangen.de\/wp-content\/uploads\/2015\/11\/k-DSC00295.jpg?resize=300%2C225 300w, https:\/\/i0.wp.com\/jugendfeuerwehr.wallerfangen.de\/wp-content\/uploads\/2015\/11\/k-DSC00295.jpg?resize=768%2C576 768w, https:\/\/i0.wp.com\/jugendfeuerwehr.wallerfangen.de\/wp-content\/uploads\/2015\/11\/k-DSC00295.jpg?w=1000 1000w\" sizes=\"(max-width: 246px) 100vw, 246px\" data-recalc-dims=\"1\" \/><\/a> <a href=\"https:\/\/i0.wp.com\/jugendfeuerwehr.wallerfangen.de\/wp-content\/uploads\/2015\/11\/k-DSC00296.jpg\" rel=\"attachment wp-att-567\"><img data-attachment-id=\"567\" data-permalink=\"http:\/\/jugendfeuerwehr.wallerfangen.de\/?attachment_id=567\" data-orig-file=\"https:\/\/i0.wp.com\/jugendfeuerwehr.wallerfangen.de\/wp-content\/uploads\/2015\/11\/k-DSC00296.jpg?fit=1000%2C750\" data-orig-size=\"1000,750\" data-comments-opened=\"0\" data-image-meta=\"{&quot;aperture&quot;:&quot;0&quot;,&quot;credit&quot;:&quot;&quot;,&quot;camera&quot;:&quot;&quot;,&quot;caption&quot;:&quot;&quot;,&quot;created_timestamp&quot;:&quot;0&quot;,&quot;copyright&quot;:&quot;&quot;,&quot;focal_length&quot;:&quot;0&quot;,&quot;iso&quot;:&quot;0&quot;,&quot;shutter_speed&quot;:&quot;0&quot;,&quot;title&quot;:&quot;&quot;,&quot;orientation&quot;:&quot;0&quot;}\" data-image-title=\"k-DSC00296\" data-image-description=\"\" data-medium-file=\"https:\/\/i0.wp.com\/jugendfeuerwehr.wallerfangen.de\/wp-content\/uploads\/2015\/11\/k-DSC00296.jpg?fit=300%2C225\" data-large-file=\"https:\/\/i0.wp.com\/jugendfeuerwehr.wallerfangen.de\/wp-content\/uploads\/2015\/11\/k-DSC00296.jpg?fit=525%2C394\" loading=\"lazy\" class=\"alignnone wp-image-567\" src=\"https:\/\/i0.wp.com\/jugendfeuerwehr.wallerfangen.de\/wp-content\/uploads\/2015\/11\/k-DSC00296.jpg?resize=242%2C181\" alt=\"k-DSC00296\" width=\"242\" height=\"181\" srcset=\"https:\/\/i0.wp.com\/jugendfeuerwehr.wallerfangen.de\/wp-content\/uploads\/2015\/11\/k-DSC00296.jpg?resize=300%2C225 300w, https:\/\/i0.wp.com\/jugendfeuerwehr.wallerfangen.de\/wp-content\/uploads\/2015\/11\/k-DSC00296.jpg?resize=768%2C576 768w, https:\/\/i0.wp.com\/jugendfeuerwehr.wallerfangen.de\/wp-content\/uploads\/2015\/11\/k-DSC00296.jpg?w=1000 1000w\" sizes=\"(max-width: 242px) 100vw, 242px\" data-recalc-dims=\"1\" \/><\/a><\/p>\n<p>Gest\u00e4rkt mit Tee und Kuchen ging es dann weiter zur Burg, wo J\u00fcrgen Weller von der F\u00f6rdergemeinschaft Teufelsburg Felsberg e.V. die Gruppe schon erwartete. In einer interessanten F\u00fchrung erz\u00e4hlte er viele interessante Geschichten. Daf\u00fcr noch einen herzlichen Dank. So viel Historie macht nat\u00fcrlich hungrig. Darum gab es nach der F\u00fchrung auf der Teufelsburg ein untypisches \u201eRittermahl\u201c in Form von Pizza f\u00fcr alle.<\/p>\n<p><a href=\"https:\/\/i2.wp.com\/jugendfeuerwehr.wallerfangen.de\/wp-content\/uploads\/2015\/11\/k-DSC00305neu.jpg\" rel=\"attachment wp-att-570\"><img data-attachment-id=\"570\" data-permalink=\"http:\/\/jugendfeuerwehr.wallerfangen.de\/?attachment_id=570\" data-orig-file=\"https:\/\/i2.wp.com\/jugendfeuerwehr.wallerfangen.de\/wp-content\/uploads\/2015\/11\/k-DSC00305neu.jpg?fit=1000%2C848\" data-orig-size=\"1000,848\" data-comments-opened=\"0\" data-image-meta=\"{&quot;aperture&quot;:&quot;0&quot;,&quot;credit&quot;:&quot;&quot;,&quot;camera&quot;:&quot;&quot;,&quot;caption&quot;:&quot;&quot;,&quot;created_timestamp&quot;:&quot;0&quot;,&quot;copyright&quot;:&quot;&quot;,&quot;focal_length&quot;:&quot;0&quot;,&quot;iso&quot;:&quot;0&quot;,&quot;shutter_speed&quot;:&quot;0&quot;,&quot;title&quot;:&quot;&quot;,&quot;orientation&quot;:&quot;0&quot;}\" data-image-title=\"k-DSC00305neu\" data-image-description=\"\" data-medium-file=\"https:\/\/i2.wp.com\/jugendfeuerwehr.wallerfangen.de\/wp-content\/uploads\/2015\/11\/k-DSC00305neu.jpg?fit=300%2C254\" data-large-file=\"https:\/\/i2.wp.com\/jugendfeuerwehr.wallerfangen.de\/wp-content\/uploads\/2015\/11\/k-DSC00305neu.jpg?fit=525%2C445\" loading=\"lazy\" class=\"alignnone wp-image-570\" src=\"https:\/\/i2.wp.com\/jugendfeuerwehr.wallerfangen.de\/wp-content\/uploads\/2015\/11\/k-DSC00305neu.jpg?resize=302%2C255\" alt=\"k-DSC00305neu\" width=\"302\" height=\"255\" srcset=\"https:\/\/i2.wp.com\/jugendfeuerwehr.wallerfangen.de\/wp-content\/uploads\/2015\/11\/k-DSC00305neu.jpg?resize=300%2C254 300w, https:\/\/i2.wp.com\/jugendfeuerwehr.wallerfangen.de\/wp-content\/uploads\/2015\/11\/k-DSC00305neu.jpg?resize=768%2C651 768w, https:\/\/i2.wp.com\/jugendfeuerwehr.wallerfangen.de\/wp-content\/uploads\/2015\/11\/k-DSC00305neu.jpg?w=1000 1000w\" sizes=\"(max-width: 302px) 100vw, 302px\" data-recalc-dims=\"1\" \/><\/a> <a href=\"https:\/\/i2.wp.com\/jugendfeuerwehr.wallerfangen.de\/wp-content\/uploads\/2015\/12\/k-DSC00306.jpg\" rel=\"attachment wp-att-583\"><img data-attachment-id=\"583\" data-permalink=\"http:\/\/jugendfeuerwehr.wallerfangen.de\/?attachment_id=583\" data-orig-file=\"https:\/\/i2.wp.com\/jugendfeuerwehr.wallerfangen.de\/wp-content\/uploads\/2015\/12\/k-DSC00306.jpg?fit=750%2C1000\" data-orig-size=\"750,1000\" data-comments-opened=\"0\" data-image-meta=\"{&quot;aperture&quot;:&quot;0&quot;,&quot;credit&quot;:&quot;&quot;,&quot;camera&quot;:&quot;&quot;,&quot;caption&quot;:&quot;&quot;,&quot;created_timestamp&quot;:&quot;0&quot;,&quot;copyright&quot;:&quot;&quot;,&quot;focal_length&quot;:&quot;0&quot;,&quot;iso&quot;:&quot;0&quot;,&quot;shutter_speed&quot;:&quot;0&quot;,&quot;title&quot;:&quot;&quot;,&quot;orientation&quot;:&quot;1&quot;}\" data-image-title=\"k-DSC00306\" data-image-description=\"\" data-medium-file=\"https:\/\/i2.wp.com\/jugendfeuerwehr.wallerfangen.de\/wp-content\/uploads\/2015\/12\/k-DSC00306.jpg?fit=225%2C300\" data-large-file=\"https:\/\/i2.wp.com\/jugendfeuerwehr.wallerfangen.de\/wp-content\/uploads\/2015\/12\/k-DSC00306.jpg?fit=525%2C700\" loading=\"lazy\" class=\"alignnone wp-image-583\" src=\"https:\/\/i2.wp.com\/jugendfeuerwehr.wallerfangen.de\/wp-content\/uploads\/2015\/12\/k-DSC00306.jpg?resize=192%2C256\" alt=\"k-DSC00306\" width=\"192\" height=\"256\" srcset=\"https:\/\/i2.wp.com\/jugendfeuerwehr.wallerfangen.de\/wp-content\/uploads\/2015\/12\/k-DSC00306.jpg?resize=225%2C300 225w, https:\/\/i2.wp.com\/jugendfeuerwehr.wallerfangen.de\/wp-content\/uploads\/2015\/12\/k-DSC00306.jpg?w=750 750w\" sizes=\"(max-width: 192px) 100vw, 192px\" data-recalc-dims=\"1\" \/><\/a><\/p>\n","protected":false},"excerpt":{"rendered":"<p>Die j\u00fcngsten der Feuerwehr Wallerfangen feierten Mitte Dezember ihre Weihnachtsfeier. In diesem Jahr hatten sich die Betreuer mal eine etwas andere Feier ausgedacht: Anstatt bei Kakao und Pl\u00e4tzchen drinnen zu feiern ging es in diesem Jahr raus in die Natur. Von D\u00fcren aus wanderten die Jugendlichen \u00fcber das Feld zur Teufelsburg in Felsberg. Damit auch jeder den Weg schaffte, wartete unterwegs eine Versorgungsstelle auf die Wanderer. Gest\u00e4rkt mit Tee und Kuchen ging es dann weiter zur Burg, wo J\u00fcrgen Weller von der F\u00f6rdergemeinschaft Teufelsburg Felsberg e.V. die Gruppe schon erwartete. In einer interessanten F\u00fchrung erz\u00e4hlte er viele interessante Geschichten. Daf\u00fcr noch einen herzlichen Dank. So viel Historie macht nat\u00fcrlich hungrig. &hellip; <\/p>\n<p class=\"link-more\"><a href=\"http:\/\/jugendfeuerwehr.wallerfangen.de\/?p=577\" class=\"more-link\"><span class=\"screen-reader-text\">\u201eWeihnachtsfeier\u201c<\/span> weiterlesen<\/a><\/p>\n","protected":false},"author":2,"featured_media":0,"comment_status":"closed","ping_status":"closed","sticky":false,"template":"","format":"standard","meta":{"ngg_post_thumbnail":0,"spay_email":"","jetpack_publicize_message":"","jetpack_is_tweetstorm":false},"categories":[4],"tags":[],"jetpack_featured_media_url":"","jetpack_publicize_connections":[],"jetpack_sharing_enabled":true,"jetpack_shortlink":"https:\/\/wp.me\/p6XW54-9j","jetpack-related-posts":[{"id":828,"url":"http:\/\/jugendfeuerwehr.wallerfangen.de\/?p=828","url_meta":{"origin":577,"position":0},"title":"Berufsfeuerwehrtag 2017","date":"20. August 2017","format":false,"excerpt":"Auch in diesem Jahr fand in der Gemeinde Wallerfangen wieder ein Berufsfeuerwehrtag der Jugendfeuerwehr statt. Gemeindejugendwart Pascal S\u00fcnnen begr\u00fc\u00dfte die Jugendfeuerwehrmitglieder am Freitag, 09.06.2017 zu ihrem \u201cAmtsantritt\u201d. In den n\u00e4chsten 24 Stunden w\u00fcrden sie den Alltag einer Berufsfeuerwehr erleben: Eins\u00e4tze, Ausbildungen, Wartungsarbeiten, Essen, Schlafen \u2013 all das w\u00e4hrend einer 24-st\u00fcndigen\u2026","rel":"","context":"In &quot;Neuigkeiten&quot;","img":{"alt_text":"","src":"","width":0,"height":0},"classes":[]},{"id":766,"url":"http:\/\/jugendfeuerwehr.wallerfangen.de\/?p=766","url_meta":{"origin":577,"position":1},"title":"Abschluss\u00fcbung der Jugendfeuerwehr der Gemeinde Wallerfangen","date":"30. September 2016","format":false,"excerpt":"Ende September zeigten die Jungen und M\u00e4dchen der Jugendfeuerwehr Wallerfangen, was sie im vergangenen Jahr alles gelernt haben. Bei der \u00dcbung am Flugplatz D\u00fcren mussten die Nachwuchsretter zuerst einen Monteur retten, der bei der Arbeit an der Heizung einen Schlaganfall erlitten hatte. W\u00e4hrend der Rettung kommt es an der Heizungsanlage\u2026","rel":"","context":"In &quot;Neuigkeiten&quot;","img":{"alt_text":"k-P1010259","src":"https:\/\/i0.wp.com\/jugendfeuerwehr.wallerfangen.de\/wp-content\/uploads\/2016\/10\/k-P1010259-300x225.jpg?resize=350%2C200","width":350,"height":200},"classes":[]},{"id":779,"url":"http:\/\/jugendfeuerwehr.wallerfangen.de\/?p=779","url_meta":{"origin":577,"position":2},"title":"Rommelboozen","date":"31. Oktober 2016","format":false,"excerpt":"Auch in diesem Jahr stand wieder \"Rommelboozen-Schnitzen\" auf dem Ausbildungsplan der Jugendfeuerwehr Wallerfangen. 12 Jugendfeuerwehrangeh\u00f6rige, bewaffnet mit Messern, S\u00e4gen und L\u00f6ffeln, waren zum gro\u00dfen Basteln gekommen. Die Kinder und Jugendliche hatten viel Spa\u00df beim gemeinsamen schnitzen. Und so entstanden am Ende lauter gruselige R\u00fcbengesichter. Gleichzeitig wurde von den flei\u00dfigen Helferinnen\u2026","rel":"","context":"In &quot;Neuigkeiten&quot;","img":{"alt_text":"","src":"https:\/\/i0.wp.com\/jugendfeuerwehr.wallerfangen.de\/wp-content\/uploads\/2016\/11\/k-P1010358-300x225.jpg?resize=350%2C200","width":350,"height":200},"classes":[]},{"id":635,"url":"http:\/\/jugendfeuerwehr.wallerfangen.de\/?p=635","url_meta":{"origin":577,"position":3},"title":"Berufsfeuerwehrtag 2016","date":"20. August 2016","format":false,"excerpt":"Auch in diesem Jahr fand in der Gemeinde Wallerfangen wieder ein Berufsfeuerwehrtag der Jugendfeuerwehr statt. Gemeindejugendwart Pascal S\u00fcnnen begr\u00fc\u00dfte die Jugendfeuerwehrmitglieder am Freitag, 19.08.2016 zu ihrem \"Amtsantritt\". In den n\u00e4chsten 24 Stunden w\u00fcrden Sie den Alltag einer Berufsfeuerwehr erleben: Eins\u00e4tze, Ausbildungen, Wartungsarbeiten, Essen, Schlafen - all das w\u00e4hrend einer 24-st\u00fcndigen\u2026","rel":"","context":"In &quot;Neuigkeiten&quot;","img":{"alt_text":"","src":"https:\/\/i0.wp.com\/jugendfeuerwehr.wallerfangen.de\/wp-content\/uploads\/2016\/09\/4-300x271.jpg?resize=350%2C200","width":350,"height":200},"classes":[]},{"id":78,"url":"http:\/\/jugendfeuerwehr.wallerfangen.de\/?p=78","url_meta":{"origin":577,"position":4},"title":"Jugendfeuerwehr bastelt Rommelboozen","date":"31. Oktober 2015","format":false,"excerpt":"Am Abend vor Allerheiligen stand \u201eRommelboozen-Schnitzen\u201c auf dem Ausbildungsplan der Jugendfeuerwehr Wallerfangen. 14 Jugendfeuerwehrangeh\u00f6rige, bewaffnet mit Messern, S\u00e4gen und L\u00f6ffeln, waren zum gro\u00dfen Basteln gekommen. Leider wusste der Eine oder Andere nicht mehr, was sie da eigentlich aush\u00f6hlen sollten. Und so erkl\u00e4rten die Ausbilder den Jugendlichen erst einmal, dass die\u2026","rel":"","context":"In &quot;Neuigkeiten&quot;","img":{"alt_text":"Bildschirmfoto 2015-11-30 um 15.32.15","src":"https:\/\/i1.wp.com\/jugendfeuerwehr.wallerfangen.de\/wp-content\/uploads\/2015\/11\/Bildschirmfoto-2015-11-30-um-15.32.15-300x137.png?resize=350%2C200","width":350,"height":200},"classes":[]},{"id":850,"url":"http:\/\/jugendfeuerwehr.wallerfangen.de\/?p=850","url_meta":{"origin":577,"position":5},"title":"Leistungsmarsch der Jugendfeuerwehr in Ittersdorf","date":"20. August 2017","format":false,"excerpt":"Am 19. August gab es f\u00fcr die J\u00fcngsten der Feuerwehr Wallerfangen Anlass zum Feiern. Die Jugendfeuerwehr Ittersdorf beging ihr 50-j\u00e4hriges Bestehen. Im Rahmen der Feierlichkeiten lud die Jugendfeuerwehr zu einem Leistungsmarsch ein. Fr\u00fch am Morgen starteten 14 Gruppen mit rund 70 Jungen und M\u00e4dchen auf die rund 4 km lange\u2026","rel":"","context":"In &quot;Neuigkeiten&quot;","img":{"alt_text":"","src":"https:\/\/i0.wp.com\/jugendfeuerwehr.wallerfangen.de\/wp-content\/uploads\/2017\/08\/k-IMG_0425-300x200.jpg?resize=350%2C200","width":350,"height":200},"classes":[]}],"_links":{"self":[{"href":"http:\/\/jugendfeuerwehr.wallerfangen.de\/index.php?rest_route=\/wp\/v2\/posts\/577"}],"collection":[{"href":"http:\/\/jugendfeuerwehr.wallerfangen.de\/index.php?rest_route=\/wp\/v2\/posts"}],"about":[{"href":"http:\/\/jugendfeuerwehr.wallerfangen.de\/index.php?rest_route=\/wp\/v2\/types\/post"}],"author":[{"embeddable":true,"href":"http:\/\/jugendfeuerwehr.wallerfangen.de\/index.php?rest_route=\/wp\/v2\/users\/2"}],"replies":[{"embeddable":true,"href":"http:\/\/jugendfeuerwehr.wallerfangen.de\/index.php?rest_route=%2Fwp%2Fv2%2Fcomments&post=577"}],"version-history":[{"count":5,"href":"http:\/\/jugendfeuerwehr.wallerfangen.de\/index.php?rest_route=\/wp\/v2\/posts\/577\/revisions"}],"predecessor-version":[{"id":585,"href":"http:\/\/jugendfeuerwehr.wallerfangen.de\/index.php?rest_route=\/wp\/v2\/posts\/577\/revisions\/585"}],"wp:attachment":[{"href":"http:\/\/jugendfeuerwehr.wallerfangen.de\/index.php?rest_route=%2Fwp%2Fv2%2Fmedia&parent=577"}],"wp:term":[{"taxonomy":"category","embeddable":true,"href":"http:\/\/jugendfeuerwehr.wallerfangen.de\/index.php?rest_route=%2Fwp%2Fv2%2Fcategories&post=577"},{"taxonomy":"post_tag","embeddable":true,"href":"http:\/\/jugendfeuerwehr.wallerfangen.de\/index.php?rest_route=%2Fwp%2Fv2%2Ftags&post=577"}],"curies":[{"name":"wp","href":"https:\/\/api.w.org\/{rel}","templated":true}]}}