{"id":635,"date":"2016-08-20T10:34:24","date_gmt":"2016-08-20T10:34:24","guid":{"rendered":"http:\/\/jugendfeuerwehr.wallerfangen.de\/?p=635"},"modified":"2016-09-15T10:35:57","modified_gmt":"2016-09-15T10:35:57","slug":"berufsfeuerwehrtag-2016","status":"publish","type":"post","link":"http:\/\/jugendfeuerwehr.wallerfangen.de\/?p=635","title":{"rendered":"Berufsfeuerwehrtag 2016"},"content":{"rendered":"<p>Auch in diesem Jahr fand in der Gemeinde Wallerfangen wieder ein Berufsfeuerwehrtag der Jugendfeuerwehr statt.<\/p>\n<p>Gemeindejugendwart Pascal S\u00fcnnen begr\u00fc\u00dfte die Jugendfeuerwehrmitglieder am Freitag, 19.08.2016 zu ihrem &#8222;Amtsantritt&#8220;. In den n\u00e4chsten 24 Stunden w\u00fcrden Sie den Alltag einer Berufsfeuerwehr erleben: Eins\u00e4tze, Ausbildungen, Wartungsarbeiten, Essen, Schlafen &#8211; all das w\u00e4hrend einer 24-st\u00fcndigen &#8222;Dienstzeit&#8220;.<\/p>\n<p>&nbsp;<\/p>\n<p><a href=\"https:\/\/i1.wp.com\/jugendfeuerwehr.wallerfangen.de\/wp-content\/uploads\/2016\/09\/1.jpg\" rel=\"attachment wp-att-636\"><img data-attachment-id=\"636\" data-permalink=\"http:\/\/jugendfeuerwehr.wallerfangen.de\/?attachment_id=636\" data-orig-file=\"https:\/\/i1.wp.com\/jugendfeuerwehr.wallerfangen.de\/wp-content\/uploads\/2016\/09\/1.jpg?fit=664%2C433\" data-orig-size=\"664,433\" data-comments-opened=\"0\" data-image-meta=\"{&quot;aperture&quot;:&quot;0&quot;,&quot;credit&quot;:&quot;&quot;,&quot;camera&quot;:&quot;&quot;,&quot;caption&quot;:&quot;&quot;,&quot;created_timestamp&quot;:&quot;0&quot;,&quot;copyright&quot;:&quot;&quot;,&quot;focal_length&quot;:&quot;0&quot;,&quot;iso&quot;:&quot;0&quot;,&quot;shutter_speed&quot;:&quot;0&quot;,&quot;title&quot;:&quot;&quot;,&quot;orientation&quot;:&quot;0&quot;}\" data-image-title=\"1\" data-image-description=\"\" data-medium-file=\"https:\/\/i1.wp.com\/jugendfeuerwehr.wallerfangen.de\/wp-content\/uploads\/2016\/09\/1.jpg?fit=300%2C196\" data-large-file=\"https:\/\/i1.wp.com\/jugendfeuerwehr.wallerfangen.de\/wp-content\/uploads\/2016\/09\/1.jpg?fit=525%2C342\" loading=\"lazy\" class=\"wp-image-636 alignleft\" src=\"https:\/\/i1.wp.com\/jugendfeuerwehr.wallerfangen.de\/wp-content\/uploads\/2016\/09\/1.jpg?resize=290%2C190\" alt=\"1\" width=\"290\" height=\"190\" srcset=\"https:\/\/i1.wp.com\/jugendfeuerwehr.wallerfangen.de\/wp-content\/uploads\/2016\/09\/1.jpg?resize=300%2C196 300w, https:\/\/i1.wp.com\/jugendfeuerwehr.wallerfangen.de\/wp-content\/uploads\/2016\/09\/1.jpg?w=664 664w\" sizes=\"(max-width: 290px) 100vw, 290px\" data-recalc-dims=\"1\" \/><\/a>Wie auch bei einer Berufsfeuerwehr zu Schichtbeginn, er-folgte zuerst die Einteilung der Mannschaft. Der \u201eSchichtbeginn\u201c lie\u00df nicht lange auf sich warten: In Wallerfangen brannte ein Traktor.<\/p>\n<p>Wie sich vor Ort herausstellte, war der Fahrer unter seinem Fahrzeug eingeklemmt und musste befreit werden. Souver\u00e4n wurde der erste Einsatz abgehandelt. Schnell war die Person gerettet und das Feuer gel\u00f6scht.<\/p>\n<p class=\"Default\"><span style=\"font-size: 11.0pt;\"> Aber kaum im Standort angekommen kam schon der n\u00e4chste Einsatzauftrag: In St. Barbara wurde eine unklare Rauchentwicklung gemeldet. Es stellte sich heraus, dass es sich um Rauch eines Pizzaofens handelte. Als Dank luden die Bewohner die Nachwuchseinsatzkr\u00e4fte zu Pizza und Cola ein.<\/span><\/p>\n<p>Danach fielen die Nachwuchseinsatzkr\u00e4fte m\u00fcde und ersch\u00f6pft in ihre Feldbetten. Die Nachtruhe w\u00e4hrte aller-dings nur kurz, denn gegen Mitternacht brannte ein Container.<\/p>\n<p>&nbsp;<\/p>\n<p><a href=\"https:\/\/i2.wp.com\/jugendfeuerwehr.wallerfangen.de\/wp-content\/uploads\/2016\/09\/4.jpg\" rel=\"attachment wp-att-639\"><img data-attachment-id=\"639\" data-permalink=\"http:\/\/jugendfeuerwehr.wallerfangen.de\/?attachment_id=639\" data-orig-file=\"https:\/\/i2.wp.com\/jugendfeuerwehr.wallerfangen.de\/wp-content\/uploads\/2016\/09\/4.jpg?fit=440%2C398\" data-orig-size=\"440,398\" data-comments-opened=\"0\" data-image-meta=\"{&quot;aperture&quot;:&quot;0&quot;,&quot;credit&quot;:&quot;&quot;,&quot;camera&quot;:&quot;&quot;,&quot;caption&quot;:&quot;&quot;,&quot;created_timestamp&quot;:&quot;0&quot;,&quot;copyright&quot;:&quot;&quot;,&quot;focal_length&quot;:&quot;0&quot;,&quot;iso&quot;:&quot;0&quot;,&quot;shutter_speed&quot;:&quot;0&quot;,&quot;title&quot;:&quot;&quot;,&quot;orientation&quot;:&quot;0&quot;}\" data-image-title=\"4\" data-image-description=\"\" data-medium-file=\"https:\/\/i2.wp.com\/jugendfeuerwehr.wallerfangen.de\/wp-content\/uploads\/2016\/09\/4.jpg?fit=300%2C271\" data-large-file=\"https:\/\/i2.wp.com\/jugendfeuerwehr.wallerfangen.de\/wp-content\/uploads\/2016\/09\/4.jpg?fit=440%2C398\" loading=\"lazy\" class=\"wp-image-639 alignleft\" src=\"https:\/\/i2.wp.com\/jugendfeuerwehr.wallerfangen.de\/wp-content\/uploads\/2016\/09\/4.jpg?resize=260%2C235\" alt=\"4\" width=\"260\" height=\"235\" srcset=\"https:\/\/i2.wp.com\/jugendfeuerwehr.wallerfangen.de\/wp-content\/uploads\/2016\/09\/4.jpg?resize=300%2C271 300w, https:\/\/i2.wp.com\/jugendfeuerwehr.wallerfangen.de\/wp-content\/uploads\/2016\/09\/4.jpg?w=440 440w\" sizes=\"(max-width: 260px) 100vw, 260px\" data-recalc-dims=\"1\" \/><\/a><a href=\"https:\/\/i2.wp.com\/jugendfeuerwehr.wallerfangen.de\/wp-content\/uploads\/2016\/09\/3.jpg\" rel=\"attachment wp-att-638\"><img data-attachment-id=\"638\" data-permalink=\"http:\/\/jugendfeuerwehr.wallerfangen.de\/?attachment_id=638\" data-orig-file=\"https:\/\/i2.wp.com\/jugendfeuerwehr.wallerfangen.de\/wp-content\/uploads\/2016\/09\/3.jpg?fit=440%2C399\" data-orig-size=\"440,399\" data-comments-opened=\"0\" data-image-meta=\"{&quot;aperture&quot;:&quot;0&quot;,&quot;credit&quot;:&quot;&quot;,&quot;camera&quot;:&quot;&quot;,&quot;caption&quot;:&quot;&quot;,&quot;created_timestamp&quot;:&quot;0&quot;,&quot;copyright&quot;:&quot;&quot;,&quot;focal_length&quot;:&quot;0&quot;,&quot;iso&quot;:&quot;0&quot;,&quot;shutter_speed&quot;:&quot;0&quot;,&quot;title&quot;:&quot;&quot;,&quot;orientation&quot;:&quot;0&quot;}\" data-image-title=\"3\" data-image-description=\"\" data-medium-file=\"https:\/\/i2.wp.com\/jugendfeuerwehr.wallerfangen.de\/wp-content\/uploads\/2016\/09\/3.jpg?fit=300%2C272\" data-large-file=\"https:\/\/i2.wp.com\/jugendfeuerwehr.wallerfangen.de\/wp-content\/uploads\/2016\/09\/3.jpg?fit=440%2C399\" loading=\"lazy\" class=\"wp-image-638 alignleft\" src=\"https:\/\/i2.wp.com\/jugendfeuerwehr.wallerfangen.de\/wp-content\/uploads\/2016\/09\/3.jpg?resize=260%2C236\" alt=\"3\" width=\"260\" height=\"236\" srcset=\"https:\/\/i2.wp.com\/jugendfeuerwehr.wallerfangen.de\/wp-content\/uploads\/2016\/09\/3.jpg?resize=300%2C272 300w, https:\/\/i2.wp.com\/jugendfeuerwehr.wallerfangen.de\/wp-content\/uploads\/2016\/09\/3.jpg?w=440 440w\" sizes=\"(max-width: 260px) 100vw, 260px\" data-recalc-dims=\"1\" \/><\/a>Nun blieb es ruhig bis zum Samstagmorgen. Nach dem Fr\u00fchst\u00fcck stand erstmal Ger\u00e4tepflege und \u00dcbung auf dem Dienstplan. Aber schon bald kam wieder ein Alarm: ein Kind war unter einem Baumstamm in Kerlingen eingeklemmt. Da die Einsatzstelle zwischen Hochbeh\u00e4lter Kerlingen und Haus Scheidberg schwer zug\u00e4nglich war, mussten alle Materialien vor Ort getragen werden. Aber auch diese Aufgabe l\u00f6ste die junge Feuerwehrmannschaft sicher und souver\u00e4n. Sp\u00e4ter folgte noch ein Unratbrand in Gisingen.<\/p>\n<p>&nbsp;<\/p>\n<p>&nbsp;<\/p>\n<p>&nbsp;<\/p>\n<p><a href=\"https:\/\/i1.wp.com\/jugendfeuerwehr.wallerfangen.de\/wp-content\/uploads\/2016\/09\/5.jpg\" rel=\"attachment wp-att-640\"><img data-attachment-id=\"640\" data-permalink=\"http:\/\/jugendfeuerwehr.wallerfangen.de\/?attachment_id=640\" data-orig-file=\"https:\/\/i1.wp.com\/jugendfeuerwehr.wallerfangen.de\/wp-content\/uploads\/2016\/09\/5.jpg?fit=600%2C333\" data-orig-size=\"600,333\" data-comments-opened=\"0\" data-image-meta=\"{&quot;aperture&quot;:&quot;0&quot;,&quot;credit&quot;:&quot;&quot;,&quot;camera&quot;:&quot;&quot;,&quot;caption&quot;:&quot;&quot;,&quot;created_timestamp&quot;:&quot;0&quot;,&quot;copyright&quot;:&quot;&quot;,&quot;focal_length&quot;:&quot;0&quot;,&quot;iso&quot;:&quot;0&quot;,&quot;shutter_speed&quot;:&quot;0&quot;,&quot;title&quot;:&quot;&quot;,&quot;orientation&quot;:&quot;0&quot;}\" data-image-title=\"5\" data-image-description=\"\" data-medium-file=\"https:\/\/i1.wp.com\/jugendfeuerwehr.wallerfangen.de\/wp-content\/uploads\/2016\/09\/5.jpg?fit=300%2C167\" data-large-file=\"https:\/\/i1.wp.com\/jugendfeuerwehr.wallerfangen.de\/wp-content\/uploads\/2016\/09\/5.jpg?fit=525%2C291\" loading=\"lazy\" class=\"wp-image-640 alignleft\" src=\"https:\/\/i1.wp.com\/jugendfeuerwehr.wallerfangen.de\/wp-content\/uploads\/2016\/09\/5.jpg?resize=302%2C168\" alt=\"5\" width=\"302\" height=\"168\" srcset=\"https:\/\/i1.wp.com\/jugendfeuerwehr.wallerfangen.de\/wp-content\/uploads\/2016\/09\/5.jpg?resize=300%2C167 300w, https:\/\/i1.wp.com\/jugendfeuerwehr.wallerfangen.de\/wp-content\/uploads\/2016\/09\/5.jpg?w=600 600w\" sizes=\"(max-width: 302px) 100vw, 302px\" data-recalc-dims=\"1\" \/><\/a>M\u00fcde, aber mit ganz vielen tollen Eindr\u00fccken, wurden die kleinen Berufsfeuerwehrleute dann nachmittags von ihren Eltern abgeholt.<\/p>\n<p>Dank der sehr guten Vorbereitung der Ausbilder und Betreuerinnen erlebten die Jugendlichen ein spannendes Wochenende, das dem Einsatzgeschehen einer Berufsfeuerwehr sehr nahe kam.<\/p>\n<p>&nbsp;<\/p>\n<p class=\"Default\">Ein besonderer Dank an die Familie Algier f\u00fcr die Einladung zum Pizza-Essen.<\/p>\n<p>&nbsp;<\/p>\n","protected":false},"excerpt":{"rendered":"<p>Auch in diesem Jahr fand in der Gemeinde Wallerfangen wieder ein Berufsfeuerwehrtag der Jugendfeuerwehr statt. Gemeindejugendwart Pascal S\u00fcnnen begr\u00fc\u00dfte die Jugendfeuerwehrmitglieder am Freitag, 19.08.2016 zu ihrem &#8222;Amtsantritt&#8220;. In den n\u00e4chsten 24 Stunden w\u00fcrden Sie den Alltag einer Berufsfeuerwehr erleben: Eins\u00e4tze, Ausbildungen, Wartungsarbeiten, Essen, Schlafen &#8211; all das w\u00e4hrend einer 24-st\u00fcndigen &#8222;Dienstzeit&#8220;. &nbsp; Wie auch bei einer Berufsfeuerwehr zu Schichtbeginn, er-folgte zuerst die Einteilung der Mannschaft. Der \u201eSchichtbeginn\u201c lie\u00df nicht lange auf sich warten: In Wallerfangen brannte ein Traktor. Wie sich vor Ort herausstellte, war der Fahrer unter seinem Fahrzeug eingeklemmt und musste befreit werden. Souver\u00e4n wurde der erste Einsatz abgehandelt. Schnell war die Person gerettet und das Feuer gel\u00f6scht. Aber &hellip; <\/p>\n<p class=\"link-more\"><a href=\"http:\/\/jugendfeuerwehr.wallerfangen.de\/?p=635\" class=\"more-link\"><span class=\"screen-reader-text\">\u201eBerufsfeuerwehrtag 2016\u201c<\/span> weiterlesen<\/a><\/p>\n","protected":false},"author":1,"featured_media":0,"comment_status":"closed","ping_status":"closed","sticky":false,"template":"","format":"standard","meta":{"ngg_post_thumbnail":0,"spay_email":"","jetpack_publicize_message":"","jetpack_is_tweetstorm":false},"categories":[4],"tags":[],"jetpack_featured_media_url":"","jetpack_publicize_connections":[],"jetpack_sharing_enabled":true,"jetpack_shortlink":"https:\/\/wp.me\/p6XW54-af","jetpack-related-posts":[{"id":828,"url":"http:\/\/jugendfeuerwehr.wallerfangen.de\/?p=828","url_meta":{"origin":635,"position":0},"title":"Berufsfeuerwehrtag 2017","date":"20. August 2017","format":false,"excerpt":"Auch in diesem Jahr fand in der Gemeinde Wallerfangen wieder ein Berufsfeuerwehrtag der Jugendfeuerwehr statt. Gemeindejugendwart Pascal S\u00fcnnen begr\u00fc\u00dfte die Jugendfeuerwehrmitglieder am Freitag, 09.06.2017 zu ihrem \u201cAmtsantritt\u201d. In den n\u00e4chsten 24 Stunden w\u00fcrden sie den Alltag einer Berufsfeuerwehr erleben: Eins\u00e4tze, Ausbildungen, Wartungsarbeiten, Essen, Schlafen \u2013 all das w\u00e4hrend einer 24-st\u00fcndigen\u2026","rel":"","context":"In &quot;Neuigkeiten&quot;","img":{"alt_text":"","src":"","width":0,"height":0},"classes":[]},{"id":97,"url":"http:\/\/jugendfeuerwehr.wallerfangen.de\/?p=97","url_meta":{"origin":635,"position":1},"title":"Kreisfeuerwehrtag in Dillingen - Jugendfeuerwehr Wallerfangen war mit dabei","date":"20. Juli 2014","format":false,"excerpt":"Auch die Jugendfeuerwehr Wallerfangen beteiligte sich Ende Juni am Kreisfeuerwehrtag in Dillingen. Denn die Stadt feierte gleichzeitig das 50-j\u00e4hrige Bestehen ihrer Jugendgruppe. So startete der Samstag mit einem \u201eMenschenkicker-Turnier\u201c, einem \u00fcberdimensionalen Tischfu\u00dfball mit menschlichen Spielern. Die Jugendlichen aber auch die Zuschauern hatten dabei viel Spa\u00df. Ein Spiel, dass viel Teamgeist\u2026","rel":"","context":"In &quot;Neuigkeiten&quot;","img":{"alt_text":"Bildschirmfoto 2015-11-30 um 15.50.10","src":"https:\/\/i2.wp.com\/jugendfeuerwehr.wallerfangen.de\/wp-content\/uploads\/2015\/11\/Bildschirmfoto-2015-11-30-um-15.50.10-300x128.png?resize=350%2C200","width":350,"height":200},"classes":[]},{"id":766,"url":"http:\/\/jugendfeuerwehr.wallerfangen.de\/?p=766","url_meta":{"origin":635,"position":2},"title":"Abschluss\u00fcbung der Jugendfeuerwehr der Gemeinde Wallerfangen","date":"30. September 2016","format":false,"excerpt":"Ende September zeigten die Jungen und M\u00e4dchen der Jugendfeuerwehr Wallerfangen, was sie im vergangenen Jahr alles gelernt haben. Bei der \u00dcbung am Flugplatz D\u00fcren mussten die Nachwuchsretter zuerst einen Monteur retten, der bei der Arbeit an der Heizung einen Schlaganfall erlitten hatte. W\u00e4hrend der Rettung kommt es an der Heizungsanlage\u2026","rel":"","context":"In &quot;Neuigkeiten&quot;","img":{"alt_text":"k-P1010259","src":"https:\/\/i0.wp.com\/jugendfeuerwehr.wallerfangen.de\/wp-content\/uploads\/2016\/10\/k-P1010259-300x225.jpg?resize=350%2C200","width":350,"height":200},"classes":[]},{"id":577,"url":"http:\/\/jugendfeuerwehr.wallerfangen.de\/?p=577","url_meta":{"origin":635,"position":3},"title":"Weihnachtsfeier","date":"13. Dezember 2015","format":false,"excerpt":"Die j\u00fcngsten der Feuerwehr Wallerfangen feierten Mitte Dezember ihre Weihnachtsfeier. In diesem Jahr hatten sich die Betreuer mal eine etwas andere Feier ausgedacht: Anstatt bei Kakao und Pl\u00e4tzchen drinnen zu feiern ging es in diesem Jahr raus in die Natur. Von D\u00fcren aus wanderten die Jugendlichen \u00fcber das Feld zur\u2026","rel":"","context":"In &quot;Neuigkeiten&quot;","img":{"alt_text":"DSC00287","src":"https:\/\/i2.wp.com\/jugendfeuerwehr.wallerfangen.de\/wp-content\/uploads\/2015\/11\/DSC00287-300x225.jpg?resize=350%2C200","width":350,"height":200},"classes":[]},{"id":648,"url":"http:\/\/jugendfeuerwehr.wallerfangen.de\/?p=648","url_meta":{"origin":635,"position":4},"title":"Jugendfeuerwehr Wallerfangen im Biwak","date":"1. Juni 2016","format":false,"excerpt":"Bei der Jugendfeuerwehr Wallerfangen ist immer was los. Noch vor den Sommerferien, an Fronleichnam, ging es f\u00fcr die Jungs und M\u00e4dchen der Wallerfanger Jugendfeuerwehr zu einem verl\u00e4ngerten Wochenende nach Bachem. Die Jugendbetreuer haben f\u00fcr die Campteilnehmer ein interessantes Programm zusammen-gestellt: so wurde eine F\u00fchrung durch den Wolfpark Merzig gemacht und\u2026","rel":"","context":"In &quot;Neuigkeiten&quot;","img":{"alt_text":"","src":"","width":0,"height":0},"classes":[]},{"id":850,"url":"http:\/\/jugendfeuerwehr.wallerfangen.de\/?p=850","url_meta":{"origin":635,"position":5},"title":"Leistungsmarsch der Jugendfeuerwehr in Ittersdorf","date":"20. August 2017","format":false,"excerpt":"Am 19. August gab es f\u00fcr die J\u00fcngsten der Feuerwehr Wallerfangen Anlass zum Feiern. Die Jugendfeuerwehr Ittersdorf beging ihr 50-j\u00e4hriges Bestehen. Im Rahmen der Feierlichkeiten lud die Jugendfeuerwehr zu einem Leistungsmarsch ein. Fr\u00fch am Morgen starteten 14 Gruppen mit rund 70 Jungen und M\u00e4dchen auf die rund 4 km lange\u2026","rel":"","context":"In &quot;Neuigkeiten&quot;","img":{"alt_text":"","src":"https:\/\/i0.wp.com\/jugendfeuerwehr.wallerfangen.de\/wp-content\/uploads\/2017\/08\/k-IMG_0425-300x200.jpg?resize=350%2C200","width":350,"height":200},"classes":[]}],"_links":{"self":[{"href":"http:\/\/jugendfeuerwehr.wallerfangen.de\/index.php?rest_route=\/wp\/v2\/posts\/635"}],"collection":[{"href":"http:\/\/jugendfeuerwehr.wallerfangen.de\/index.php?rest_route=\/wp\/v2\/posts"}],"about":[{"href":"http:\/\/jugendfeuerwehr.wallerfangen.de\/index.php?rest_route=\/wp\/v2\/types\/post"}],"author":[{"embeddable":true,"href":"http:\/\/jugendfeuerwehr.wallerfangen.de\/index.php?rest_route=\/wp\/v2\/users\/1"}],"replies":[{"embeddable":true,"href":"http:\/\/jugendfeuerwehr.wallerfangen.de\/index.php?rest_route=%2Fwp%2Fv2%2Fcomments&post=635"}],"version-history":[{"count":7,"href":"http:\/\/jugendfeuerwehr.wallerfangen.de\/index.php?rest_route=\/wp\/v2\/posts\/635\/revisions"}],"predecessor-version":[{"id":647,"href":"http:\/\/jugendfeuerwehr.wallerfangen.de\/index.php?rest_route=\/wp\/v2\/posts\/635\/revisions\/647"}],"wp:attachment":[{"href":"http:\/\/jugendfeuerwehr.wallerfangen.de\/index.php?rest_route=%2Fwp%2Fv2%2Fmedia&parent=635"}],"wp:term":[{"taxonomy":"category","embeddable":true,"href":"http:\/\/jugendfeuerwehr.wallerfangen.de\/index.php?rest_route=%2Fwp%2Fv2%2Fcategories&post=635"},{"taxonomy":"post_tag","embeddable":true,"href":"http:\/\/jugendfeuerwehr.wallerfangen.de\/index.php?rest_route=%2Fwp%2Fv2%2Ftags&post=635"}],"curies":[{"name":"wp","href":"https:\/\/api.w.org\/{rel}","templated":true}]}}