{"id":648,"date":"2016-06-01T10:37:48","date_gmt":"2016-06-01T10:37:48","guid":{"rendered":"http:\/\/jugendfeuerwehr.wallerfangen.de\/?p=648"},"modified":"2016-09-15T10:48:47","modified_gmt":"2016-09-15T10:48:47","slug":"jugendfeuerwehr-wallerfangen-im-biwak","status":"publish","type":"post","link":"http:\/\/jugendfeuerwehr.wallerfangen.de\/?p=648","title":{"rendered":"Jugendfeuerwehr Wallerfangen im Biwak"},"content":{"rendered":"<p>Bei der Jugendfeuerwehr Wallerfangen ist immer was los. Noch vor den Sommerferien, an Fronleichnam, ging es f\u00fcr die Jungs und M\u00e4dchen der Wallerfanger Jugendfeuerwehr zu einem verl\u00e4ngerten Wochenende nach Bachem.<\/p>\n<p><a href=\"https:\/\/i1.wp.com\/jugendfeuerwehr.wallerfangen.de\/wp-content\/uploads\/2016\/09\/10-1.jpg\" rel=\"attachment wp-att-655\"><img data-attachment-id=\"655\" data-permalink=\"http:\/\/jugendfeuerwehr.wallerfangen.de\/?attachment_id=655\" data-orig-file=\"https:\/\/i1.wp.com\/jugendfeuerwehr.wallerfangen.de\/wp-content\/uploads\/2016\/09\/10-1.jpg?fit=824%2C505\" data-orig-size=\"824,505\" data-comments-opened=\"0\" data-image-meta=\"{&quot;aperture&quot;:&quot;0&quot;,&quot;credit&quot;:&quot;&quot;,&quot;camera&quot;:&quot;&quot;,&quot;caption&quot;:&quot;&quot;,&quot;created_timestamp&quot;:&quot;0&quot;,&quot;copyright&quot;:&quot;&quot;,&quot;focal_length&quot;:&quot;0&quot;,&quot;iso&quot;:&quot;0&quot;,&quot;shutter_speed&quot;:&quot;0&quot;,&quot;title&quot;:&quot;&quot;,&quot;orientation&quot;:&quot;0&quot;}\" data-image-title=\"10\" data-image-description=\"\" data-medium-file=\"https:\/\/i1.wp.com\/jugendfeuerwehr.wallerfangen.de\/wp-content\/uploads\/2016\/09\/10-1.jpg?fit=300%2C184\" data-large-file=\"https:\/\/i1.wp.com\/jugendfeuerwehr.wallerfangen.de\/wp-content\/uploads\/2016\/09\/10-1.jpg?fit=525%2C322\" loading=\"lazy\" class=\"alignnone wp-image-655\" src=\"https:\/\/i1.wp.com\/jugendfeuerwehr.wallerfangen.de\/wp-content\/uploads\/2016\/09\/10-1.jpg?resize=295%2C181\" alt=\"10\" width=\"295\" height=\"181\" srcset=\"https:\/\/i1.wp.com\/jugendfeuerwehr.wallerfangen.de\/wp-content\/uploads\/2016\/09\/10-1.jpg?resize=300%2C184 300w, https:\/\/i1.wp.com\/jugendfeuerwehr.wallerfangen.de\/wp-content\/uploads\/2016\/09\/10-1.jpg?resize=768%2C471 768w, https:\/\/i1.wp.com\/jugendfeuerwehr.wallerfangen.de\/wp-content\/uploads\/2016\/09\/10-1.jpg?w=824 824w\" sizes=\"(max-width: 295px) 100vw, 295px\" data-recalc-dims=\"1\" \/><\/a><a href=\"https:\/\/i2.wp.com\/jugendfeuerwehr.wallerfangen.de\/wp-content\/uploads\/2016\/09\/11.jpg\" rel=\"attachment wp-att-656\"><img data-attachment-id=\"656\" data-permalink=\"http:\/\/jugendfeuerwehr.wallerfangen.de\/?attachment_id=656\" data-orig-file=\"https:\/\/i2.wp.com\/jugendfeuerwehr.wallerfangen.de\/wp-content\/uploads\/2016\/09\/11.jpg?fit=568%2C423\" data-orig-size=\"568,423\" data-comments-opened=\"0\" data-image-meta=\"{&quot;aperture&quot;:&quot;0&quot;,&quot;credit&quot;:&quot;&quot;,&quot;camera&quot;:&quot;&quot;,&quot;caption&quot;:&quot;&quot;,&quot;created_timestamp&quot;:&quot;0&quot;,&quot;copyright&quot;:&quot;&quot;,&quot;focal_length&quot;:&quot;0&quot;,&quot;iso&quot;:&quot;0&quot;,&quot;shutter_speed&quot;:&quot;0&quot;,&quot;title&quot;:&quot;&quot;,&quot;orientation&quot;:&quot;0&quot;}\" data-image-title=\"11\" data-image-description=\"\" data-medium-file=\"https:\/\/i2.wp.com\/jugendfeuerwehr.wallerfangen.de\/wp-content\/uploads\/2016\/09\/11.jpg?fit=300%2C223\" data-large-file=\"https:\/\/i2.wp.com\/jugendfeuerwehr.wallerfangen.de\/wp-content\/uploads\/2016\/09\/11.jpg?fit=525%2C391\" loading=\"lazy\" class=\"alignnone wp-image-656\" src=\"https:\/\/i2.wp.com\/jugendfeuerwehr.wallerfangen.de\/wp-content\/uploads\/2016\/09\/11.jpg?resize=240%2C178\" alt=\"11\" width=\"240\" height=\"178\" srcset=\"https:\/\/i2.wp.com\/jugendfeuerwehr.wallerfangen.de\/wp-content\/uploads\/2016\/09\/11.jpg?resize=300%2C223 300w, https:\/\/i2.wp.com\/jugendfeuerwehr.wallerfangen.de\/wp-content\/uploads\/2016\/09\/11.jpg?w=568 568w\" sizes=\"(max-width: 240px) 100vw, 240px\" data-recalc-dims=\"1\" \/><\/a><\/p>\n<p>Die Jugendbetreuer haben f\u00fcr die Campteilnehmer ein interessantes Programm zusammen-gestellt: so wurde eine F\u00fchrung durch den Wolfpark Merzig gemacht und die Edelsteinstadt Idar-Oberstein besucht. In der Edelstein-Erlebniswelt entdeckte die Gruppe die geheimnisvolle Sch\u00f6nheit von Edelsteinen, Kristallen und Mineralien in H\u00f6hlen und Grotten. Anschlie\u00dfend wurde ein Mineraliensch\u00fcrfplatz besucht. Hier konnten die Jugendliche in einem Sandfeld, das mit Mineralien aus aller Welt best\u00fcckt ist, nach den begehrten Mineralien &#8222;sch\u00fcrfen&#8220;. Da die Edelsteinsuche hungrig macht, gab es abends f\u00fcr alle Lyoner, den sich die Jugendlichen am Stock selber braten durften.<\/p>\n<p><a href=\"https:\/\/i0.wp.com\/jugendfeuerwehr.wallerfangen.de\/wp-content\/uploads\/2016\/09\/7.jpg\" rel=\"attachment wp-att-651\"><img data-attachment-id=\"651\" data-permalink=\"http:\/\/jugendfeuerwehr.wallerfangen.de\/?attachment_id=651\" data-orig-file=\"https:\/\/i0.wp.com\/jugendfeuerwehr.wallerfangen.de\/wp-content\/uploads\/2016\/09\/7.jpg?fit=512%2C296\" data-orig-size=\"512,296\" data-comments-opened=\"0\" data-image-meta=\"{&quot;aperture&quot;:&quot;0&quot;,&quot;credit&quot;:&quot;&quot;,&quot;camera&quot;:&quot;&quot;,&quot;caption&quot;:&quot;&quot;,&quot;created_timestamp&quot;:&quot;0&quot;,&quot;copyright&quot;:&quot;&quot;,&quot;focal_length&quot;:&quot;0&quot;,&quot;iso&quot;:&quot;0&quot;,&quot;shutter_speed&quot;:&quot;0&quot;,&quot;title&quot;:&quot;&quot;,&quot;orientation&quot;:&quot;0&quot;}\" data-image-title=\"7\" data-image-description=\"\" data-medium-file=\"https:\/\/i0.wp.com\/jugendfeuerwehr.wallerfangen.de\/wp-content\/uploads\/2016\/09\/7.jpg?fit=300%2C173\" data-large-file=\"https:\/\/i0.wp.com\/jugendfeuerwehr.wallerfangen.de\/wp-content\/uploads\/2016\/09\/7.jpg?fit=512%2C296\" loading=\"lazy\" class=\"alignnone wp-image-651\" src=\"https:\/\/i0.wp.com\/jugendfeuerwehr.wallerfangen.de\/wp-content\/uploads\/2016\/09\/7.jpg?resize=257%2C148\" alt=\"7\" width=\"257\" height=\"148\" srcset=\"https:\/\/i0.wp.com\/jugendfeuerwehr.wallerfangen.de\/wp-content\/uploads\/2016\/09\/7.jpg?resize=300%2C173 300w, https:\/\/i0.wp.com\/jugendfeuerwehr.wallerfangen.de\/wp-content\/uploads\/2016\/09\/7.jpg?w=512 512w\" sizes=\"(max-width: 257px) 100vw, 257px\" data-recalc-dims=\"1\" \/><\/a><a href=\"https:\/\/i1.wp.com\/jugendfeuerwehr.wallerfangen.de\/wp-content\/uploads\/2016\/09\/6.jpg\" rel=\"attachment wp-att-650\"><img data-attachment-id=\"650\" data-permalink=\"http:\/\/jugendfeuerwehr.wallerfangen.de\/?attachment_id=650\" data-orig-file=\"https:\/\/i1.wp.com\/jugendfeuerwehr.wallerfangen.de\/wp-content\/uploads\/2016\/09\/6.jpg?fit=768%2C477\" data-orig-size=\"768,477\" data-comments-opened=\"0\" data-image-meta=\"{&quot;aperture&quot;:&quot;0&quot;,&quot;credit&quot;:&quot;&quot;,&quot;camera&quot;:&quot;&quot;,&quot;caption&quot;:&quot;&quot;,&quot;created_timestamp&quot;:&quot;0&quot;,&quot;copyright&quot;:&quot;&quot;,&quot;focal_length&quot;:&quot;0&quot;,&quot;iso&quot;:&quot;0&quot;,&quot;shutter_speed&quot;:&quot;0&quot;,&quot;title&quot;:&quot;&quot;,&quot;orientation&quot;:&quot;0&quot;}\" data-image-title=\"6\" data-image-description=\"\" data-medium-file=\"https:\/\/i1.wp.com\/jugendfeuerwehr.wallerfangen.de\/wp-content\/uploads\/2016\/09\/6.jpg?fit=300%2C186\" data-large-file=\"https:\/\/i1.wp.com\/jugendfeuerwehr.wallerfangen.de\/wp-content\/uploads\/2016\/09\/6.jpg?fit=525%2C326\" loading=\"lazy\" class=\"alignnone wp-image-650\" src=\"https:\/\/i1.wp.com\/jugendfeuerwehr.wallerfangen.de\/wp-content\/uploads\/2016\/09\/6.jpg?resize=238%2C147\" alt=\"6\" width=\"238\" height=\"147\" srcset=\"https:\/\/i1.wp.com\/jugendfeuerwehr.wallerfangen.de\/wp-content\/uploads\/2016\/09\/6.jpg?resize=300%2C186 300w, https:\/\/i1.wp.com\/jugendfeuerwehr.wallerfangen.de\/wp-content\/uploads\/2016\/09\/6.jpg?w=768 768w\" sizes=\"(max-width: 238px) 100vw, 238px\" data-recalc-dims=\"1\" \/><\/a><\/p>\n<p><a href=\"https:\/\/i2.wp.com\/jugendfeuerwehr.wallerfangen.de\/wp-content\/uploads\/2016\/09\/9.jpg\" rel=\"attachment wp-att-653\"><img data-attachment-id=\"653\" data-permalink=\"http:\/\/jugendfeuerwehr.wallerfangen.de\/?attachment_id=653\" data-orig-file=\"https:\/\/i2.wp.com\/jugendfeuerwehr.wallerfangen.de\/wp-content\/uploads\/2016\/09\/9.jpg?fit=692%2C550\" data-orig-size=\"692,550\" data-comments-opened=\"0\" data-image-meta=\"{&quot;aperture&quot;:&quot;0&quot;,&quot;credit&quot;:&quot;&quot;,&quot;camera&quot;:&quot;&quot;,&quot;caption&quot;:&quot;&quot;,&quot;created_timestamp&quot;:&quot;0&quot;,&quot;copyright&quot;:&quot;&quot;,&quot;focal_length&quot;:&quot;0&quot;,&quot;iso&quot;:&quot;0&quot;,&quot;shutter_speed&quot;:&quot;0&quot;,&quot;title&quot;:&quot;&quot;,&quot;orientation&quot;:&quot;0&quot;}\" data-image-title=\"9\" data-image-description=\"\" data-medium-file=\"https:\/\/i2.wp.com\/jugendfeuerwehr.wallerfangen.de\/wp-content\/uploads\/2016\/09\/9.jpg?fit=300%2C238\" data-large-file=\"https:\/\/i2.wp.com\/jugendfeuerwehr.wallerfangen.de\/wp-content\/uploads\/2016\/09\/9.jpg?fit=525%2C417\" loading=\"lazy\" class=\"wp-image-653 alignnone\" src=\"https:\/\/i2.wp.com\/jugendfeuerwehr.wallerfangen.de\/wp-content\/uploads\/2016\/09\/9.jpg?resize=209%2C166\" alt=\"9\" width=\"209\" height=\"166\" srcset=\"https:\/\/i2.wp.com\/jugendfeuerwehr.wallerfangen.de\/wp-content\/uploads\/2016\/09\/9.jpg?resize=300%2C238 300w, https:\/\/i2.wp.com\/jugendfeuerwehr.wallerfangen.de\/wp-content\/uploads\/2016\/09\/9.jpg?w=692 692w\" sizes=\"(max-width: 209px) 100vw, 209px\" data-recalc-dims=\"1\" \/><\/a><a href=\"https:\/\/i1.wp.com\/jugendfeuerwehr.wallerfangen.de\/wp-content\/uploads\/2016\/09\/8.jpg\" rel=\"attachment wp-att-652\"><img data-attachment-id=\"652\" data-permalink=\"http:\/\/jugendfeuerwehr.wallerfangen.de\/?attachment_id=652\" data-orig-file=\"https:\/\/i1.wp.com\/jugendfeuerwehr.wallerfangen.de\/wp-content\/uploads\/2016\/09\/8.jpg?fit=852%2C514\" data-orig-size=\"852,514\" data-comments-opened=\"0\" data-image-meta=\"{&quot;aperture&quot;:&quot;0&quot;,&quot;credit&quot;:&quot;&quot;,&quot;camera&quot;:&quot;&quot;,&quot;caption&quot;:&quot;&quot;,&quot;created_timestamp&quot;:&quot;0&quot;,&quot;copyright&quot;:&quot;&quot;,&quot;focal_length&quot;:&quot;0&quot;,&quot;iso&quot;:&quot;0&quot;,&quot;shutter_speed&quot;:&quot;0&quot;,&quot;title&quot;:&quot;&quot;,&quot;orientation&quot;:&quot;0&quot;}\" data-image-title=\"8\" data-image-description=\"\" data-medium-file=\"https:\/\/i1.wp.com\/jugendfeuerwehr.wallerfangen.de\/wp-content\/uploads\/2016\/09\/8.jpg?fit=300%2C181\" data-large-file=\"https:\/\/i1.wp.com\/jugendfeuerwehr.wallerfangen.de\/wp-content\/uploads\/2016\/09\/8.jpg?fit=525%2C317\" loading=\"lazy\" class=\"wp-image-652 alignnone\" src=\"https:\/\/i1.wp.com\/jugendfeuerwehr.wallerfangen.de\/wp-content\/uploads\/2016\/09\/8.jpg?resize=273%2C165\" alt=\"8\" width=\"273\" height=\"165\" srcset=\"https:\/\/i1.wp.com\/jugendfeuerwehr.wallerfangen.de\/wp-content\/uploads\/2016\/09\/8.jpg?resize=300%2C181 300w, https:\/\/i1.wp.com\/jugendfeuerwehr.wallerfangen.de\/wp-content\/uploads\/2016\/09\/8.jpg?resize=768%2C463 768w, https:\/\/i1.wp.com\/jugendfeuerwehr.wallerfangen.de\/wp-content\/uploads\/2016\/09\/8.jpg?w=852 852w\" sizes=\"(max-width: 273px) 100vw, 273px\" data-recalc-dims=\"1\" \/><\/a><\/p>\n<p>Das Biwak war f\u00fcr alle ein tolles Erlebnis. Am Ende des Wochenendes ging es zur\u00fcck nach Wallerfangen, wo die Betreuer zum Abschluss am Ger\u00e4tehaus noch leckere Burger vorbereitet hatten.<\/p>\n<p>Ein besonderer Dank dem F\u00f6rderverein des L\u00f6schbezirkes Wallerfangen-Mitte, Wurstwaren Stefan Anhaus und dem Wehrf\u00fchrer f\u00fcr die Sachspenden.<\/p>\n","protected":false},"excerpt":{"rendered":"<p>Bei der Jugendfeuerwehr Wallerfangen ist immer was los. Noch vor den Sommerferien, an Fronleichnam, ging es f\u00fcr die Jungs und M\u00e4dchen der Wallerfanger Jugendfeuerwehr zu einem verl\u00e4ngerten Wochenende nach Bachem. Die Jugendbetreuer haben f\u00fcr die Campteilnehmer ein interessantes Programm zusammen-gestellt: so wurde eine F\u00fchrung durch den Wolfpark Merzig gemacht und die Edelsteinstadt Idar-Oberstein besucht. In der Edelstein-Erlebniswelt entdeckte die Gruppe die geheimnisvolle Sch\u00f6nheit von Edelsteinen, Kristallen und Mineralien in H\u00f6hlen und Grotten. Anschlie\u00dfend wurde ein Mineraliensch\u00fcrfplatz besucht. Hier konnten die Jugendliche in einem Sandfeld, das mit Mineralien aus aller Welt best\u00fcckt ist, nach den begehrten Mineralien &#8222;sch\u00fcrfen&#8220;. Da die Edelsteinsuche hungrig macht, gab es abends f\u00fcr alle Lyoner, den sich &hellip; <\/p>\n<p class=\"link-more\"><a href=\"http:\/\/jugendfeuerwehr.wallerfangen.de\/?p=648\" class=\"more-link\"><span class=\"screen-reader-text\">\u201eJugendfeuerwehr Wallerfangen im Biwak\u201c<\/span> weiterlesen<\/a><\/p>\n","protected":false},"author":1,"featured_media":0,"comment_status":"closed","ping_status":"closed","sticky":false,"template":"","format":"standard","meta":{"ngg_post_thumbnail":0,"spay_email":"","jetpack_publicize_message":"","jetpack_is_tweetstorm":false},"categories":[4],"tags":[],"jetpack_featured_media_url":"","jetpack_publicize_connections":[],"jetpack_sharing_enabled":true,"jetpack_shortlink":"https:\/\/wp.me\/p6XW54-as","jetpack-related-posts":[{"id":78,"url":"http:\/\/jugendfeuerwehr.wallerfangen.de\/?p=78","url_meta":{"origin":648,"position":0},"title":"Jugendfeuerwehr bastelt Rommelboozen","date":"31. Oktober 2015","format":false,"excerpt":"Am Abend vor Allerheiligen stand \u201eRommelboozen-Schnitzen\u201c auf dem Ausbildungsplan der Jugendfeuerwehr Wallerfangen. 14 Jugendfeuerwehrangeh\u00f6rige, bewaffnet mit Messern, S\u00e4gen und L\u00f6ffeln, waren zum gro\u00dfen Basteln gekommen. Leider wusste der Eine oder Andere nicht mehr, was sie da eigentlich aush\u00f6hlen sollten. Und so erkl\u00e4rten die Ausbilder den Jugendlichen erst einmal, dass die\u2026","rel":"","context":"In &quot;Neuigkeiten&quot;","img":{"alt_text":"Bildschirmfoto 2015-11-30 um 15.32.15","src":"https:\/\/i1.wp.com\/jugendfeuerwehr.wallerfangen.de\/wp-content\/uploads\/2015\/11\/Bildschirmfoto-2015-11-30-um-15.32.15-300x137.png?resize=350%2C200","width":350,"height":200},"classes":[]},{"id":850,"url":"http:\/\/jugendfeuerwehr.wallerfangen.de\/?p=850","url_meta":{"origin":648,"position":1},"title":"Leistungsmarsch der Jugendfeuerwehr in Ittersdorf","date":"20. August 2017","format":false,"excerpt":"Am 19. August gab es f\u00fcr die J\u00fcngsten der Feuerwehr Wallerfangen Anlass zum Feiern. Die Jugendfeuerwehr Ittersdorf beging ihr 50-j\u00e4hriges Bestehen. Im Rahmen der Feierlichkeiten lud die Jugendfeuerwehr zu einem Leistungsmarsch ein. Fr\u00fch am Morgen starteten 14 Gruppen mit rund 70 Jungen und M\u00e4dchen auf die rund 4 km lange\u2026","rel":"","context":"In &quot;Neuigkeiten&quot;","img":{"alt_text":"","src":"https:\/\/i0.wp.com\/jugendfeuerwehr.wallerfangen.de\/wp-content\/uploads\/2017\/08\/k-IMG_0425-300x200.jpg?resize=350%2C200","width":350,"height":200},"classes":[]},{"id":766,"url":"http:\/\/jugendfeuerwehr.wallerfangen.de\/?p=766","url_meta":{"origin":648,"position":2},"title":"Abschluss\u00fcbung der Jugendfeuerwehr der Gemeinde Wallerfangen","date":"30. September 2016","format":false,"excerpt":"Ende September zeigten die Jungen und M\u00e4dchen der Jugendfeuerwehr Wallerfangen, was sie im vergangenen Jahr alles gelernt haben. Bei der \u00dcbung am Flugplatz D\u00fcren mussten die Nachwuchsretter zuerst einen Monteur retten, der bei der Arbeit an der Heizung einen Schlaganfall erlitten hatte. W\u00e4hrend der Rettung kommt es an der Heizungsanlage\u2026","rel":"","context":"In &quot;Neuigkeiten&quot;","img":{"alt_text":"k-P1010259","src":"https:\/\/i0.wp.com\/jugendfeuerwehr.wallerfangen.de\/wp-content\/uploads\/2016\/10\/k-P1010259-300x225.jpg?resize=350%2C200","width":350,"height":200},"classes":[]},{"id":97,"url":"http:\/\/jugendfeuerwehr.wallerfangen.de\/?p=97","url_meta":{"origin":648,"position":3},"title":"Kreisfeuerwehrtag in Dillingen - Jugendfeuerwehr Wallerfangen war mit dabei","date":"20. Juli 2014","format":false,"excerpt":"Auch die Jugendfeuerwehr Wallerfangen beteiligte sich Ende Juni am Kreisfeuerwehrtag in Dillingen. Denn die Stadt feierte gleichzeitig das 50-j\u00e4hrige Bestehen ihrer Jugendgruppe. So startete der Samstag mit einem \u201eMenschenkicker-Turnier\u201c, einem \u00fcberdimensionalen Tischfu\u00dfball mit menschlichen Spielern. Die Jugendlichen aber auch die Zuschauern hatten dabei viel Spa\u00df. Ein Spiel, dass viel Teamgeist\u2026","rel":"","context":"In &quot;Neuigkeiten&quot;","img":{"alt_text":"Bildschirmfoto 2015-11-30 um 15.50.10","src":"https:\/\/i2.wp.com\/jugendfeuerwehr.wallerfangen.de\/wp-content\/uploads\/2015\/11\/Bildschirmfoto-2015-11-30-um-15.50.10-300x128.png?resize=350%2C200","width":350,"height":200},"classes":[]},{"id":91,"url":"http:\/\/jugendfeuerwehr.wallerfangen.de\/?p=91","url_meta":{"origin":648,"position":4},"title":"Jugendfeuerwehr Wallerfangen absolviert Leistungsspange","date":"30. Juli 2014","format":false,"excerpt":"Mitte Juli traf sich der Feuerwehrnachwuchs des Landkreises Saarlouis zur Abnahme des Jugendfeuerwehrleistungsabzeichens in Piesbach. Insgesamt 14 Gruppen \u00e0 neun Bewerber im Alter von 15 bis 18 Jahren stellten ihr K\u00f6nnen unter Beweis. Auch die Jugendfeuerwehr Wallerfangen stellte sich der Herausforderung. In drei gemeinsamen Gruppen mit Rehlingen- Siersburg nahmen sie\u2026","rel":"","context":"In &quot;Neuigkeiten&quot;","img":{"alt_text":"Bildschirmfoto 2015-11-30 um 15.41.19","src":"https:\/\/i2.wp.com\/jugendfeuerwehr.wallerfangen.de\/wp-content\/uploads\/2015\/11\/Bildschirmfoto-2015-11-30-um-15.41.19-300x223.png?resize=350%2C200","width":350,"height":200},"classes":[]},{"id":779,"url":"http:\/\/jugendfeuerwehr.wallerfangen.de\/?p=779","url_meta":{"origin":648,"position":5},"title":"Rommelboozen","date":"31. Oktober 2016","format":false,"excerpt":"Auch in diesem Jahr stand wieder \"Rommelboozen-Schnitzen\" auf dem Ausbildungsplan der Jugendfeuerwehr Wallerfangen. 12 Jugendfeuerwehrangeh\u00f6rige, bewaffnet mit Messern, S\u00e4gen und L\u00f6ffeln, waren zum gro\u00dfen Basteln gekommen. Die Kinder und Jugendliche hatten viel Spa\u00df beim gemeinsamen schnitzen. Und so entstanden am Ende lauter gruselige R\u00fcbengesichter. Gleichzeitig wurde von den flei\u00dfigen Helferinnen\u2026","rel":"","context":"In &quot;Neuigkeiten&quot;","img":{"alt_text":"","src":"https:\/\/i0.wp.com\/jugendfeuerwehr.wallerfangen.de\/wp-content\/uploads\/2016\/11\/k-P1010358-300x225.jpg?resize=350%2C200","width":350,"height":200},"classes":[]}],"_links":{"self":[{"href":"http:\/\/jugendfeuerwehr.wallerfangen.de\/index.php?rest_route=\/wp\/v2\/posts\/648"}],"collection":[{"href":"http:\/\/jugendfeuerwehr.wallerfangen.de\/index.php?rest_route=\/wp\/v2\/posts"}],"about":[{"href":"http:\/\/jugendfeuerwehr.wallerfangen.de\/index.php?rest_route=\/wp\/v2\/types\/post"}],"author":[{"embeddable":true,"href":"http:\/\/jugendfeuerwehr.wallerfangen.de\/index.php?rest_route=\/wp\/v2\/users\/1"}],"replies":[{"embeddable":true,"href":"http:\/\/jugendfeuerwehr.wallerfangen.de\/index.php?rest_route=%2Fwp%2Fv2%2Fcomments&post=648"}],"version-history":[{"count":2,"href":"http:\/\/jugendfeuerwehr.wallerfangen.de\/index.php?rest_route=\/wp\/v2\/posts\/648\/revisions"}],"predecessor-version":[{"id":658,"href":"http:\/\/jugendfeuerwehr.wallerfangen.de\/index.php?rest_route=\/wp\/v2\/posts\/648\/revisions\/658"}],"wp:attachment":[{"href":"http:\/\/jugendfeuerwehr.wallerfangen.de\/index.php?rest_route=%2Fwp%2Fv2%2Fmedia&parent=648"}],"wp:term":[{"taxonomy":"category","embeddable":true,"href":"http:\/\/jugendfeuerwehr.wallerfangen.de\/index.php?rest_route=%2Fwp%2Fv2%2Fcategories&post=648"},{"taxonomy":"post_tag","embeddable":true,"href":"http:\/\/jugendfeuerwehr.wallerfangen.de\/index.php?rest_route=%2Fwp%2Fv2%2Ftags&post=648"}],"curies":[{"name":"wp","href":"https:\/\/api.w.org\/{rel}","templated":true}]}}