{"id":779,"date":"2016-10-31T19:57:12","date_gmt":"2016-10-31T19:57:12","guid":{"rendered":"http:\/\/jugendfeuerwehr.wallerfangen.de\/?p=779"},"modified":"2016-11-16T20:15:12","modified_gmt":"2016-11-16T20:15:12","slug":"rommelboozen","status":"publish","type":"post","link":"http:\/\/jugendfeuerwehr.wallerfangen.de\/?p=779","title":{"rendered":"Rommelboozen"},"content":{"rendered":"<p>Auch in diesem Jahr stand wieder &#8222;Rommelboozen-Schnitzen&#8220; auf dem Ausbildungsplan der Jugendfeuerwehr Wallerfangen.<\/p>\n<p>12 Jugendfeuerwehrangeh\u00f6rige, bewaffnet mit Messern, S\u00e4gen und L\u00f6ffeln, waren zum gro\u00dfen Basteln gekommen. Die Kinder und Jugendliche hatten viel Spa\u00df beim gemeinsamen schnitzen. Und so entstanden am Ende lauter gruselige R\u00fcbengesichter.<\/p>\n<p><a href=\"https:\/\/i1.wp.com\/jugendfeuerwehr.wallerfangen.de\/wp-content\/uploads\/2016\/11\/k-P1010358.jpg\" rel=\"attachment wp-att-786\"><img data-attachment-id=\"786\" data-permalink=\"http:\/\/jugendfeuerwehr.wallerfangen.de\/?attachment_id=786\" data-orig-file=\"https:\/\/i1.wp.com\/jugendfeuerwehr.wallerfangen.de\/wp-content\/uploads\/2016\/11\/k-P1010358.jpg?fit=1000%2C750\" data-orig-size=\"1000,750\" data-comments-opened=\"0\" data-image-meta=\"{&quot;aperture&quot;:&quot;0&quot;,&quot;credit&quot;:&quot;&quot;,&quot;camera&quot;:&quot;&quot;,&quot;caption&quot;:&quot;&quot;,&quot;created_timestamp&quot;:&quot;0&quot;,&quot;copyright&quot;:&quot;&quot;,&quot;focal_length&quot;:&quot;0&quot;,&quot;iso&quot;:&quot;0&quot;,&quot;shutter_speed&quot;:&quot;0&quot;,&quot;title&quot;:&quot;&quot;,&quot;orientation&quot;:&quot;0&quot;}\" data-image-title=\"k-P1010358\" data-image-description=\"\" data-medium-file=\"https:\/\/i1.wp.com\/jugendfeuerwehr.wallerfangen.de\/wp-content\/uploads\/2016\/11\/k-P1010358.jpg?fit=300%2C225\" data-large-file=\"https:\/\/i1.wp.com\/jugendfeuerwehr.wallerfangen.de\/wp-content\/uploads\/2016\/11\/k-P1010358.jpg?fit=525%2C394\" loading=\"lazy\" class=\"alignnone size-medium wp-image-786\" src=\"https:\/\/i1.wp.com\/jugendfeuerwehr.wallerfangen.de\/wp-content\/uploads\/2016\/11\/k-P1010358.jpg?resize=300%2C225\" alt=\"k-P1010358\" width=\"300\" height=\"225\" srcset=\"https:\/\/i1.wp.com\/jugendfeuerwehr.wallerfangen.de\/wp-content\/uploads\/2016\/11\/k-P1010358.jpg?resize=300%2C225 300w, https:\/\/i1.wp.com\/jugendfeuerwehr.wallerfangen.de\/wp-content\/uploads\/2016\/11\/k-P1010358.jpg?resize=768%2C576 768w, https:\/\/i1.wp.com\/jugendfeuerwehr.wallerfangen.de\/wp-content\/uploads\/2016\/11\/k-P1010358.jpg?w=1000 1000w\" sizes=\"(max-width: 300px) 100vw, 300px\" data-recalc-dims=\"1\" \/><\/a><a href=\"https:\/\/i1.wp.com\/jugendfeuerwehr.wallerfangen.de\/wp-content\/uploads\/2016\/11\/k-P1010342.jpg\" rel=\"attachment wp-att-783\"><img data-attachment-id=\"783\" data-permalink=\"http:\/\/jugendfeuerwehr.wallerfangen.de\/?attachment_id=783\" data-orig-file=\"https:\/\/i1.wp.com\/jugendfeuerwehr.wallerfangen.de\/wp-content\/uploads\/2016\/11\/k-P1010342.jpg?fit=1000%2C750\" data-orig-size=\"1000,750\" data-comments-opened=\"0\" data-image-meta=\"{&quot;aperture&quot;:&quot;0&quot;,&quot;credit&quot;:&quot;&quot;,&quot;camera&quot;:&quot;&quot;,&quot;caption&quot;:&quot;&quot;,&quot;created_timestamp&quot;:&quot;0&quot;,&quot;copyright&quot;:&quot;&quot;,&quot;focal_length&quot;:&quot;0&quot;,&quot;iso&quot;:&quot;0&quot;,&quot;shutter_speed&quot;:&quot;0&quot;,&quot;title&quot;:&quot;&quot;,&quot;orientation&quot;:&quot;0&quot;}\" data-image-title=\"k-P1010342\" data-image-description=\"\" data-medium-file=\"https:\/\/i1.wp.com\/jugendfeuerwehr.wallerfangen.de\/wp-content\/uploads\/2016\/11\/k-P1010342.jpg?fit=300%2C225\" data-large-file=\"https:\/\/i1.wp.com\/jugendfeuerwehr.wallerfangen.de\/wp-content\/uploads\/2016\/11\/k-P1010342.jpg?fit=525%2C394\" loading=\"lazy\" class=\"alignnone size-medium wp-image-783\" src=\"https:\/\/i1.wp.com\/jugendfeuerwehr.wallerfangen.de\/wp-content\/uploads\/2016\/11\/k-P1010342.jpg?resize=300%2C225\" alt=\"k-P1010342\" width=\"300\" height=\"225\" srcset=\"https:\/\/i1.wp.com\/jugendfeuerwehr.wallerfangen.de\/wp-content\/uploads\/2016\/11\/k-P1010342.jpg?resize=300%2C225 300w, https:\/\/i1.wp.com\/jugendfeuerwehr.wallerfangen.de\/wp-content\/uploads\/2016\/11\/k-P1010342.jpg?resize=768%2C576 768w, https:\/\/i1.wp.com\/jugendfeuerwehr.wallerfangen.de\/wp-content\/uploads\/2016\/11\/k-P1010342.jpg?w=1000 1000w\" sizes=\"(max-width: 300px) 100vw, 300px\" data-recalc-dims=\"1\" \/><\/a><a href=\"https:\/\/i2.wp.com\/jugendfeuerwehr.wallerfangen.de\/wp-content\/uploads\/2016\/11\/k-P1010324.jpg\" rel=\"attachment wp-att-782\"><img data-attachment-id=\"782\" data-permalink=\"http:\/\/jugendfeuerwehr.wallerfangen.de\/?attachment_id=782\" data-orig-file=\"https:\/\/i2.wp.com\/jugendfeuerwehr.wallerfangen.de\/wp-content\/uploads\/2016\/11\/k-P1010324.jpg?fit=1000%2C750\" data-orig-size=\"1000,750\" data-comments-opened=\"0\" data-image-meta=\"{&quot;aperture&quot;:&quot;0&quot;,&quot;credit&quot;:&quot;&quot;,&quot;camera&quot;:&quot;&quot;,&quot;caption&quot;:&quot;&quot;,&quot;created_timestamp&quot;:&quot;0&quot;,&quot;copyright&quot;:&quot;&quot;,&quot;focal_length&quot;:&quot;0&quot;,&quot;iso&quot;:&quot;0&quot;,&quot;shutter_speed&quot;:&quot;0&quot;,&quot;title&quot;:&quot;&quot;,&quot;orientation&quot;:&quot;0&quot;}\" data-image-title=\"k-P1010324\" data-image-description=\"\" data-medium-file=\"https:\/\/i2.wp.com\/jugendfeuerwehr.wallerfangen.de\/wp-content\/uploads\/2016\/11\/k-P1010324.jpg?fit=300%2C225\" data-large-file=\"https:\/\/i2.wp.com\/jugendfeuerwehr.wallerfangen.de\/wp-content\/uploads\/2016\/11\/k-P1010324.jpg?fit=525%2C394\" loading=\"lazy\" class=\"alignnone size-medium wp-image-782\" src=\"https:\/\/i2.wp.com\/jugendfeuerwehr.wallerfangen.de\/wp-content\/uploads\/2016\/11\/k-P1010324.jpg?resize=300%2C225\" alt=\"k-P1010324\" width=\"300\" height=\"225\" srcset=\"https:\/\/i2.wp.com\/jugendfeuerwehr.wallerfangen.de\/wp-content\/uploads\/2016\/11\/k-P1010324.jpg?resize=300%2C225 300w, https:\/\/i2.wp.com\/jugendfeuerwehr.wallerfangen.de\/wp-content\/uploads\/2016\/11\/k-P1010324.jpg?resize=768%2C576 768w, https:\/\/i2.wp.com\/jugendfeuerwehr.wallerfangen.de\/wp-content\/uploads\/2016\/11\/k-P1010324.jpg?w=1000 1000w\" sizes=\"(max-width: 300px) 100vw, 300px\" data-recalc-dims=\"1\" \/><\/a><\/p>\n<p>Gleichzeitig wurde von den flei\u00dfigen Helferinnen Waffeln zubereitet, denn die viele Arbeit machte hungrig. Und auch andere diverse schaurige Leckereien erwartete die eifrigen Bastler. Und so lie\u00dfen es sich alle nach getaner Arbeit gut schmecken.<\/p>\n<p>Ein Dank an die Familien Anton und Markus Bathis f\u00fcr die Bereitstellung der R\u00fcben.<\/p>\n","protected":false},"excerpt":{"rendered":"<p>Auch in diesem Jahr stand wieder &#8222;Rommelboozen-Schnitzen&#8220; auf dem Ausbildungsplan der Jugendfeuerwehr Wallerfangen. 12 Jugendfeuerwehrangeh\u00f6rige, bewaffnet mit Messern, S\u00e4gen und L\u00f6ffeln, waren zum gro\u00dfen Basteln gekommen. Die Kinder und Jugendliche hatten viel Spa\u00df beim gemeinsamen schnitzen. Und so entstanden am Ende lauter gruselige R\u00fcbengesichter. Gleichzeitig wurde von den flei\u00dfigen Helferinnen Waffeln zubereitet, denn die viele Arbeit machte hungrig. Und auch andere diverse schaurige Leckereien erwartete die eifrigen Bastler. Und so lie\u00dfen es sich alle nach getaner Arbeit gut schmecken. Ein Dank an die Familien Anton und Markus Bathis f\u00fcr die Bereitstellung der R\u00fcben.<\/p>\n","protected":false},"author":1,"featured_media":0,"comment_status":"closed","ping_status":"closed","sticky":false,"template":"","format":"standard","meta":{"ngg_post_thumbnail":0,"spay_email":"","jetpack_publicize_message":"","jetpack_is_tweetstorm":false},"categories":[4],"tags":[],"jetpack_featured_media_url":"","jetpack_publicize_connections":[],"jetpack_sharing_enabled":true,"jetpack_shortlink":"https:\/\/wp.me\/p6XW54-cz","jetpack-related-posts":[{"id":78,"url":"http:\/\/jugendfeuerwehr.wallerfangen.de\/?p=78","url_meta":{"origin":779,"position":0},"title":"Jugendfeuerwehr bastelt Rommelboozen","date":"31. Oktober 2015","format":false,"excerpt":"Am Abend vor Allerheiligen stand \u201eRommelboozen-Schnitzen\u201c auf dem Ausbildungsplan der Jugendfeuerwehr Wallerfangen. 14 Jugendfeuerwehrangeh\u00f6rige, bewaffnet mit Messern, S\u00e4gen und L\u00f6ffeln, waren zum gro\u00dfen Basteln gekommen. Leider wusste der Eine oder Andere nicht mehr, was sie da eigentlich aush\u00f6hlen sollten. Und so erkl\u00e4rten die Ausbilder den Jugendlichen erst einmal, dass die\u2026","rel":"","context":"In &quot;Neuigkeiten&quot;","img":{"alt_text":"Bildschirmfoto 2015-11-30 um 15.32.15","src":"https:\/\/i1.wp.com\/jugendfeuerwehr.wallerfangen.de\/wp-content\/uploads\/2015\/11\/Bildschirmfoto-2015-11-30-um-15.32.15-300x137.png?resize=350%2C200","width":350,"height":200},"classes":[]},{"id":766,"url":"http:\/\/jugendfeuerwehr.wallerfangen.de\/?p=766","url_meta":{"origin":779,"position":1},"title":"Abschluss\u00fcbung der Jugendfeuerwehr der Gemeinde Wallerfangen","date":"30. September 2016","format":false,"excerpt":"Ende September zeigten die Jungen und M\u00e4dchen der Jugendfeuerwehr Wallerfangen, was sie im vergangenen Jahr alles gelernt haben. Bei der \u00dcbung am Flugplatz D\u00fcren mussten die Nachwuchsretter zuerst einen Monteur retten, der bei der Arbeit an der Heizung einen Schlaganfall erlitten hatte. W\u00e4hrend der Rettung kommt es an der Heizungsanlage\u2026","rel":"","context":"In &quot;Neuigkeiten&quot;","img":{"alt_text":"k-P1010259","src":"https:\/\/i0.wp.com\/jugendfeuerwehr.wallerfangen.de\/wp-content\/uploads\/2016\/10\/k-P1010259-300x225.jpg?resize=350%2C200","width":350,"height":200},"classes":[]},{"id":635,"url":"http:\/\/jugendfeuerwehr.wallerfangen.de\/?p=635","url_meta":{"origin":779,"position":2},"title":"Berufsfeuerwehrtag 2016","date":"20. August 2016","format":false,"excerpt":"Auch in diesem Jahr fand in der Gemeinde Wallerfangen wieder ein Berufsfeuerwehrtag der Jugendfeuerwehr statt. Gemeindejugendwart Pascal S\u00fcnnen begr\u00fc\u00dfte die Jugendfeuerwehrmitglieder am Freitag, 19.08.2016 zu ihrem \"Amtsantritt\". In den n\u00e4chsten 24 Stunden w\u00fcrden Sie den Alltag einer Berufsfeuerwehr erleben: Eins\u00e4tze, Ausbildungen, Wartungsarbeiten, Essen, Schlafen - all das w\u00e4hrend einer 24-st\u00fcndigen\u2026","rel":"","context":"In &quot;Neuigkeiten&quot;","img":{"alt_text":"","src":"https:\/\/i0.wp.com\/jugendfeuerwehr.wallerfangen.de\/wp-content\/uploads\/2016\/09\/4-300x271.jpg?resize=350%2C200","width":350,"height":200},"classes":[]},{"id":850,"url":"http:\/\/jugendfeuerwehr.wallerfangen.de\/?p=850","url_meta":{"origin":779,"position":3},"title":"Leistungsmarsch der Jugendfeuerwehr in Ittersdorf","date":"20. August 2017","format":false,"excerpt":"Am 19. August gab es f\u00fcr die J\u00fcngsten der Feuerwehr Wallerfangen Anlass zum Feiern. Die Jugendfeuerwehr Ittersdorf beging ihr 50-j\u00e4hriges Bestehen. Im Rahmen der Feierlichkeiten lud die Jugendfeuerwehr zu einem Leistungsmarsch ein. Fr\u00fch am Morgen starteten 14 Gruppen mit rund 70 Jungen und M\u00e4dchen auf die rund 4 km lange\u2026","rel":"","context":"In &quot;Neuigkeiten&quot;","img":{"alt_text":"","src":"https:\/\/i0.wp.com\/jugendfeuerwehr.wallerfangen.de\/wp-content\/uploads\/2017\/08\/k-IMG_0425-300x200.jpg?resize=350%2C200","width":350,"height":200},"classes":[]},{"id":648,"url":"http:\/\/jugendfeuerwehr.wallerfangen.de\/?p=648","url_meta":{"origin":779,"position":4},"title":"Jugendfeuerwehr Wallerfangen im Biwak","date":"1. Juni 2016","format":false,"excerpt":"Bei der Jugendfeuerwehr Wallerfangen ist immer was los. Noch vor den Sommerferien, an Fronleichnam, ging es f\u00fcr die Jungs und M\u00e4dchen der Wallerfanger Jugendfeuerwehr zu einem verl\u00e4ngerten Wochenende nach Bachem. Die Jugendbetreuer haben f\u00fcr die Campteilnehmer ein interessantes Programm zusammen-gestellt: so wurde eine F\u00fchrung durch den Wolfpark Merzig gemacht und\u2026","rel":"","context":"In &quot;Neuigkeiten&quot;","img":{"alt_text":"","src":"","width":0,"height":0},"classes":[]},{"id":97,"url":"http:\/\/jugendfeuerwehr.wallerfangen.de\/?p=97","url_meta":{"origin":779,"position":5},"title":"Kreisfeuerwehrtag in Dillingen - Jugendfeuerwehr Wallerfangen war mit dabei","date":"20. Juli 2014","format":false,"excerpt":"Auch die Jugendfeuerwehr Wallerfangen beteiligte sich Ende Juni am Kreisfeuerwehrtag in Dillingen. Denn die Stadt feierte gleichzeitig das 50-j\u00e4hrige Bestehen ihrer Jugendgruppe. So startete der Samstag mit einem \u201eMenschenkicker-Turnier\u201c, einem \u00fcberdimensionalen Tischfu\u00dfball mit menschlichen Spielern. Die Jugendlichen aber auch die Zuschauern hatten dabei viel Spa\u00df. Ein Spiel, dass viel Teamgeist\u2026","rel":"","context":"In &quot;Neuigkeiten&quot;","img":{"alt_text":"Bildschirmfoto 2015-11-30 um 15.50.10","src":"https:\/\/i2.wp.com\/jugendfeuerwehr.wallerfangen.de\/wp-content\/uploads\/2015\/11\/Bildschirmfoto-2015-11-30-um-15.50.10-300x128.png?resize=350%2C200","width":350,"height":200},"classes":[]}],"_links":{"self":[{"href":"http:\/\/jugendfeuerwehr.wallerfangen.de\/index.php?rest_route=\/wp\/v2\/posts\/779"}],"collection":[{"href":"http:\/\/jugendfeuerwehr.wallerfangen.de\/index.php?rest_route=\/wp\/v2\/posts"}],"about":[{"href":"http:\/\/jugendfeuerwehr.wallerfangen.de\/index.php?rest_route=\/wp\/v2\/types\/post"}],"author":[{"embeddable":true,"href":"http:\/\/jugendfeuerwehr.wallerfangen.de\/index.php?rest_route=\/wp\/v2\/users\/1"}],"replies":[{"embeddable":true,"href":"http:\/\/jugendfeuerwehr.wallerfangen.de\/index.php?rest_route=%2Fwp%2Fv2%2Fcomments&post=779"}],"version-history":[{"count":1,"href":"http:\/\/jugendfeuerwehr.wallerfangen.de\/index.php?rest_route=\/wp\/v2\/posts\/779\/revisions"}],"predecessor-version":[{"id":790,"href":"http:\/\/jugendfeuerwehr.wallerfangen.de\/index.php?rest_route=\/wp\/v2\/posts\/779\/revisions\/790"}],"wp:attachment":[{"href":"http:\/\/jugendfeuerwehr.wallerfangen.de\/index.php?rest_route=%2Fwp%2Fv2%2Fmedia&parent=779"}],"wp:term":[{"taxonomy":"category","embeddable":true,"href":"http:\/\/jugendfeuerwehr.wallerfangen.de\/index.php?rest_route=%2Fwp%2Fv2%2Fcategories&post=779"},{"taxonomy":"post_tag","embeddable":true,"href":"http:\/\/jugendfeuerwehr.wallerfangen.de\/index.php?rest_route=%2Fwp%2Fv2%2Ftags&post=779"}],"curies":[{"name":"wp","href":"https:\/\/api.w.org\/{rel}","templated":true}]}}