{"id":78,"date":"2015-10-31T14:35:25","date_gmt":"2015-10-31T14:35:25","guid":{"rendered":"http:\/\/jugendfeuerwehr.wallerfangen.de\/?p=78"},"modified":"2015-12-17T17:39:40","modified_gmt":"2015-12-17T17:39:40","slug":"jugendfeuerwehr-bastelt-rommelboozen","status":"publish","type":"post","link":"http:\/\/jugendfeuerwehr.wallerfangen.de\/?p=78","title":{"rendered":"Jugendfeuerwehr bastelt Rommelboozen"},"content":{"rendered":"<div class=\"page\" title=\"Page 1\">\n<div class=\"layoutArea\">\n<div class=\"column\">\n<p>Am Abend vor Allerheiligen stand \u201eRommelboozen-Schnitzen\u201c auf dem Ausbildungsplan der Jugendfeuerwehr Wallerfangen.<\/p>\n<div class=\"page\" title=\"Page 1\"><a href=\"https:\/\/i1.wp.com\/jugendfeuerwehr.wallerfangen.de\/wp-content\/uploads\/2015\/11\/Bildschirmfoto-2015-11-30-um-15.31.51.png\"><img data-attachment-id=\"79\" data-permalink=\"http:\/\/jugendfeuerwehr.wallerfangen.de\/?attachment_id=79\" data-orig-file=\"https:\/\/i1.wp.com\/jugendfeuerwehr.wallerfangen.de\/wp-content\/uploads\/2015\/11\/Bildschirmfoto-2015-11-30-um-15.31.51.png?fit=764%2C446\" data-orig-size=\"764,446\" data-comments-opened=\"0\" data-image-meta=\"{&quot;aperture&quot;:&quot;0&quot;,&quot;credit&quot;:&quot;&quot;,&quot;camera&quot;:&quot;&quot;,&quot;caption&quot;:&quot;&quot;,&quot;created_timestamp&quot;:&quot;0&quot;,&quot;copyright&quot;:&quot;&quot;,&quot;focal_length&quot;:&quot;0&quot;,&quot;iso&quot;:&quot;0&quot;,&quot;shutter_speed&quot;:&quot;0&quot;,&quot;title&quot;:&quot;&quot;,&quot;orientation&quot;:&quot;0&quot;}\" data-image-title=\"Bildschirmfoto 2015-11-30 um 15.31.51\" data-image-description=\"\" data-medium-file=\"https:\/\/i1.wp.com\/jugendfeuerwehr.wallerfangen.de\/wp-content\/uploads\/2015\/11\/Bildschirmfoto-2015-11-30-um-15.31.51.png?fit=300%2C175\" data-large-file=\"https:\/\/i1.wp.com\/jugendfeuerwehr.wallerfangen.de\/wp-content\/uploads\/2015\/11\/Bildschirmfoto-2015-11-30-um-15.31.51.png?fit=525%2C306\" loading=\"lazy\" class=\"alignnone wp-image-79\" src=\"https:\/\/i1.wp.com\/jugendfeuerwehr.wallerfangen.de\/wp-content\/uploads\/2015\/11\/Bildschirmfoto-2015-11-30-um-15.31.51.png?resize=333%2C194\" alt=\"Bildschirmfoto 2015-11-30 um 15.31.51\" width=\"333\" height=\"194\" srcset=\"https:\/\/i1.wp.com\/jugendfeuerwehr.wallerfangen.de\/wp-content\/uploads\/2015\/11\/Bildschirmfoto-2015-11-30-um-15.31.51.png?resize=300%2C175 300w, https:\/\/i1.wp.com\/jugendfeuerwehr.wallerfangen.de\/wp-content\/uploads\/2015\/11\/Bildschirmfoto-2015-11-30-um-15.31.51.png?w=764 764w\" sizes=\"(max-width: 333px) 100vw, 333px\" data-recalc-dims=\"1\" \/><\/a><a href=\"https:\/\/i1.wp.com\/jugendfeuerwehr.wallerfangen.de\/wp-content\/uploads\/2015\/11\/Bildschirmfoto-2015-11-30-um-15.31.39.png\"><img data-attachment-id=\"80\" data-permalink=\"http:\/\/jugendfeuerwehr.wallerfangen.de\/?attachment_id=80\" data-orig-file=\"https:\/\/i1.wp.com\/jugendfeuerwehr.wallerfangen.de\/wp-content\/uploads\/2015\/11\/Bildschirmfoto-2015-11-30-um-15.31.39.png?fit=772%2C504\" data-orig-size=\"772,504\" data-comments-opened=\"0\" data-image-meta=\"{&quot;aperture&quot;:&quot;0&quot;,&quot;credit&quot;:&quot;&quot;,&quot;camera&quot;:&quot;&quot;,&quot;caption&quot;:&quot;&quot;,&quot;created_timestamp&quot;:&quot;0&quot;,&quot;copyright&quot;:&quot;&quot;,&quot;focal_length&quot;:&quot;0&quot;,&quot;iso&quot;:&quot;0&quot;,&quot;shutter_speed&quot;:&quot;0&quot;,&quot;title&quot;:&quot;&quot;,&quot;orientation&quot;:&quot;0&quot;}\" data-image-title=\"Bildschirmfoto 2015-11-30 um 15.31.39\" data-image-description=\"\" data-medium-file=\"https:\/\/i1.wp.com\/jugendfeuerwehr.wallerfangen.de\/wp-content\/uploads\/2015\/11\/Bildschirmfoto-2015-11-30-um-15.31.39.png?fit=300%2C196\" data-large-file=\"https:\/\/i1.wp.com\/jugendfeuerwehr.wallerfangen.de\/wp-content\/uploads\/2015\/11\/Bildschirmfoto-2015-11-30-um-15.31.39.png?fit=525%2C343\" loading=\"lazy\" class=\"alignnone wp-image-80\" src=\"https:\/\/i1.wp.com\/jugendfeuerwehr.wallerfangen.de\/wp-content\/uploads\/2015\/11\/Bildschirmfoto-2015-11-30-um-15.31.39.png?resize=297%2C194\" alt=\"Bildschirmfoto 2015-11-30 um 15.31.39\" width=\"297\" height=\"194\" srcset=\"https:\/\/i1.wp.com\/jugendfeuerwehr.wallerfangen.de\/wp-content\/uploads\/2015\/11\/Bildschirmfoto-2015-11-30-um-15.31.39.png?resize=300%2C196 300w, https:\/\/i1.wp.com\/jugendfeuerwehr.wallerfangen.de\/wp-content\/uploads\/2015\/11\/Bildschirmfoto-2015-11-30-um-15.31.39.png?w=772 772w\" sizes=\"(max-width: 297px) 100vw, 297px\" data-recalc-dims=\"1\" \/><\/a><a href=\"https:\/\/i0.wp.com\/jugendfeuerwehr.wallerfangen.de\/wp-content\/uploads\/2015\/11\/Bildschirmfoto-2015-11-30-um-15.31.59.png\"><img data-attachment-id=\"83\" data-permalink=\"http:\/\/jugendfeuerwehr.wallerfangen.de\/?attachment_id=83\" data-orig-file=\"https:\/\/i0.wp.com\/jugendfeuerwehr.wallerfangen.de\/wp-content\/uploads\/2015\/11\/Bildschirmfoto-2015-11-30-um-15.31.59.png?fit=756%2C524\" data-orig-size=\"756,524\" data-comments-opened=\"0\" data-image-meta=\"{&quot;aperture&quot;:&quot;0&quot;,&quot;credit&quot;:&quot;&quot;,&quot;camera&quot;:&quot;&quot;,&quot;caption&quot;:&quot;&quot;,&quot;created_timestamp&quot;:&quot;0&quot;,&quot;copyright&quot;:&quot;&quot;,&quot;focal_length&quot;:&quot;0&quot;,&quot;iso&quot;:&quot;0&quot;,&quot;shutter_speed&quot;:&quot;0&quot;,&quot;title&quot;:&quot;&quot;,&quot;orientation&quot;:&quot;0&quot;}\" data-image-title=\"Bildschirmfoto 2015-11-30 um 15.31.59\" data-image-description=\"\" data-medium-file=\"https:\/\/i0.wp.com\/jugendfeuerwehr.wallerfangen.de\/wp-content\/uploads\/2015\/11\/Bildschirmfoto-2015-11-30-um-15.31.59.png?fit=300%2C208\" data-large-file=\"https:\/\/i0.wp.com\/jugendfeuerwehr.wallerfangen.de\/wp-content\/uploads\/2015\/11\/Bildschirmfoto-2015-11-30-um-15.31.59.png?fit=525%2C364\" loading=\"lazy\" class=\"alignnone wp-image-83\" src=\"https:\/\/i0.wp.com\/jugendfeuerwehr.wallerfangen.de\/wp-content\/uploads\/2015\/11\/Bildschirmfoto-2015-11-30-um-15.31.59.png?resize=278%2C193\" alt=\"Bildschirmfoto 2015-11-30 um 15.31.59\" width=\"278\" height=\"193\" srcset=\"https:\/\/i0.wp.com\/jugendfeuerwehr.wallerfangen.de\/wp-content\/uploads\/2015\/11\/Bildschirmfoto-2015-11-30-um-15.31.59.png?resize=300%2C208 300w, https:\/\/i0.wp.com\/jugendfeuerwehr.wallerfangen.de\/wp-content\/uploads\/2015\/11\/Bildschirmfoto-2015-11-30-um-15.31.59.png?w=756 756w\" sizes=\"(max-width: 278px) 100vw, 278px\" data-recalc-dims=\"1\" \/><\/a><\/div>\n<\/div>\n<div class=\"page\" title=\"Page 1\">\n<div class=\"page\" title=\"Page 1\">\n<div class=\"layoutArea\">\n<div class=\"column\">\n<p>14 Jugendfeuerwehrangeh\u00f6rige, bewaffnet mit Messern, S\u00e4gen und L\u00f6ffeln, waren zum gro\u00dfen Basteln gekommen. Leider wusste der Eine oder Andere nicht mehr, was sie da eigentlich aush\u00f6hlen sollten. Und so erkl\u00e4rten die Ausbilder den Jugendlichen erst einmal, dass die R\u00fcben zum F\u00fcttern der Tiere verwendet werden. Aber dann ging es endlich los. Die Kinder und Jugendliche hatten viel Spa\u00df beim gemeinsamen Schnitzen.<\/p>\n<p>Gleichzeitig wurde von den flei\u00dfigen Helferinnen eine feurige K\u00fcrbissuppe zubereitet, denn die viele Arbeit machte hungrig. Nach getaner Arbeit wurde die Suppe zusammen mit gruseligen \u201eFinger-W\u00fcrstchen\u201c verspeist.<\/p>\n<p>Ein Dank an die Familien Anton und Markus Bathis f\u00fcr die Bereitstellung der R\u00fcben.<\/p>\n<p><a href=\"https:\/\/i0.wp.com\/jugendfeuerwehr.wallerfangen.de\/wp-content\/uploads\/2015\/11\/Bildschirmfoto-2015-11-30-um-15.32.15.png\"><img data-attachment-id=\"84\" data-permalink=\"http:\/\/jugendfeuerwehr.wallerfangen.de\/?attachment_id=84\" data-orig-file=\"https:\/\/i0.wp.com\/jugendfeuerwehr.wallerfangen.de\/wp-content\/uploads\/2015\/11\/Bildschirmfoto-2015-11-30-um-15.32.15.png?fit=1556%2C710\" data-orig-size=\"1556,710\" data-comments-opened=\"0\" data-image-meta=\"{&quot;aperture&quot;:&quot;0&quot;,&quot;credit&quot;:&quot;&quot;,&quot;camera&quot;:&quot;&quot;,&quot;caption&quot;:&quot;&quot;,&quot;created_timestamp&quot;:&quot;0&quot;,&quot;copyright&quot;:&quot;&quot;,&quot;focal_length&quot;:&quot;0&quot;,&quot;iso&quot;:&quot;0&quot;,&quot;shutter_speed&quot;:&quot;0&quot;,&quot;title&quot;:&quot;&quot;,&quot;orientation&quot;:&quot;0&quot;}\" data-image-title=\"Bildschirmfoto 2015-11-30 um 15.32.15\" data-image-description=\"\" data-medium-file=\"https:\/\/i0.wp.com\/jugendfeuerwehr.wallerfangen.de\/wp-content\/uploads\/2015\/11\/Bildschirmfoto-2015-11-30-um-15.32.15.png?fit=300%2C137\" data-large-file=\"https:\/\/i0.wp.com\/jugendfeuerwehr.wallerfangen.de\/wp-content\/uploads\/2015\/11\/Bildschirmfoto-2015-11-30-um-15.32.15.png?fit=525%2C239\" loading=\"lazy\" class=\"aligncenter wp-image-84\" src=\"https:\/\/i0.wp.com\/jugendfeuerwehr.wallerfangen.de\/wp-content\/uploads\/2015\/11\/Bildschirmfoto-2015-11-30-um-15.32.15.png?resize=525%2C240\" alt=\"Bildschirmfoto 2015-11-30 um 15.32.15\" width=\"525\" height=\"240\" srcset=\"https:\/\/i0.wp.com\/jugendfeuerwehr.wallerfangen.de\/wp-content\/uploads\/2015\/11\/Bildschirmfoto-2015-11-30-um-15.32.15.png?resize=300%2C137 300w, https:\/\/i0.wp.com\/jugendfeuerwehr.wallerfangen.de\/wp-content\/uploads\/2015\/11\/Bildschirmfoto-2015-11-30-um-15.32.15.png?resize=1024%2C467 1024w, https:\/\/i0.wp.com\/jugendfeuerwehr.wallerfangen.de\/wp-content\/uploads\/2015\/11\/Bildschirmfoto-2015-11-30-um-15.32.15.png?w=1556 1556w\" sizes=\"(max-width: 525px) 100vw, 525px\" data-recalc-dims=\"1\" \/><\/a><\/p>\n<\/div>\n<\/div>\n<\/div>\n<\/div>\n<\/div>\n<\/div>\n","protected":false},"excerpt":{"rendered":"<p>Am Abend vor Allerheiligen stand \u201eRommelboozen-Schnitzen\u201c auf dem Ausbildungsplan der Jugendfeuerwehr Wallerfangen. 14 Jugendfeuerwehrangeh\u00f6rige, bewaffnet mit Messern, S\u00e4gen und L\u00f6ffeln, waren zum gro\u00dfen Basteln gekommen. Leider wusste der Eine oder Andere nicht mehr, was sie da eigentlich aush\u00f6hlen sollten. Und so erkl\u00e4rten die Ausbilder den Jugendlichen erst einmal, dass die R\u00fcben zum F\u00fcttern der Tiere verwendet werden. Aber dann ging es endlich los. Die Kinder und Jugendliche hatten viel Spa\u00df beim gemeinsamen Schnitzen. Gleichzeitig wurde von den flei\u00dfigen Helferinnen eine feurige K\u00fcrbissuppe zubereitet, denn die viele Arbeit machte hungrig. Nach getaner Arbeit wurde die Suppe zusammen mit gruseligen \u201eFinger-W\u00fcrstchen\u201c verspeist. Ein Dank an die Familien Anton und Markus Bathis f\u00fcr &hellip; <\/p>\n<p class=\"link-more\"><a href=\"http:\/\/jugendfeuerwehr.wallerfangen.de\/?p=78\" class=\"more-link\"><span class=\"screen-reader-text\">\u201eJugendfeuerwehr bastelt Rommelboozen\u201c<\/span> weiterlesen<\/a><\/p>\n","protected":false},"author":2,"featured_media":0,"comment_status":"closed","ping_status":"closed","sticky":false,"template":"","format":"standard","meta":{"ngg_post_thumbnail":0,"spay_email":"","jetpack_publicize_message":"","jetpack_is_tweetstorm":false},"categories":[4],"tags":[],"jetpack_featured_media_url":"","jetpack_publicize_connections":[],"jetpack_sharing_enabled":true,"jetpack_shortlink":"https:\/\/wp.me\/p6XW54-1g","jetpack-related-posts":[{"id":558,"url":"http:\/\/jugendfeuerwehr.wallerfangen.de\/?p=558","url_meta":{"origin":78,"position":0},"title":"Jugendfeuerwehr backt Pl\u00e4tzchen","date":"25. November 2015","format":false,"excerpt":"Ende November bereitete sich die Jugendfeuerwehr der Gemeinde Wallerfangen auf die bevorstehende Adventszeit vor. Und was darf im Advent auf keinen Fall fehlen? Nat\u00fcrlich die leckeren, selbst gemachtenPl\u00e4tzchen. Und sowar die vergangene \u00dcbungsstunde erf\u00fcllt vom Duft frisch gebackener Weihnachtspl\u00e4tzchen.","rel":"","context":"In &quot;Neuigkeiten&quot;","img":{"alt_text":"","src":"https:\/\/i0.wp.com\/jugendfeuerwehr.wallerfangen.de\/wp-content\/uploads\/2015\/12\/1-300x238.png?resize=350%2C200","width":350,"height":200},"classes":[]},{"id":97,"url":"http:\/\/jugendfeuerwehr.wallerfangen.de\/?p=97","url_meta":{"origin":78,"position":1},"title":"Kreisfeuerwehrtag in Dillingen - Jugendfeuerwehr Wallerfangen war mit dabei","date":"20. Juli 2014","format":false,"excerpt":"Auch die Jugendfeuerwehr Wallerfangen beteiligte sich Ende Juni am Kreisfeuerwehrtag in Dillingen. Denn die Stadt feierte gleichzeitig das 50-j\u00e4hrige Bestehen ihrer Jugendgruppe. So startete der Samstag mit einem \u201eMenschenkicker-Turnier\u201c, einem \u00fcberdimensionalen Tischfu\u00dfball mit menschlichen Spielern. Die Jugendlichen aber auch die Zuschauern hatten dabei viel Spa\u00df. Ein Spiel, dass viel Teamgeist\u2026","rel":"","context":"In &quot;Neuigkeiten&quot;","img":{"alt_text":"Bildschirmfoto 2015-11-30 um 15.50.10","src":"https:\/\/i2.wp.com\/jugendfeuerwehr.wallerfangen.de\/wp-content\/uploads\/2015\/11\/Bildschirmfoto-2015-11-30-um-15.50.10-300x128.png?resize=350%2C200","width":350,"height":200},"classes":[]},{"id":91,"url":"http:\/\/jugendfeuerwehr.wallerfangen.de\/?p=91","url_meta":{"origin":78,"position":2},"title":"Jugendfeuerwehr Wallerfangen absolviert Leistungsspange","date":"30. Juli 2014","format":false,"excerpt":"Mitte Juli traf sich der Feuerwehrnachwuchs des Landkreises Saarlouis zur Abnahme des Jugendfeuerwehrleistungsabzeichens in Piesbach. Insgesamt 14 Gruppen \u00e0 neun Bewerber im Alter von 15 bis 18 Jahren stellten ihr K\u00f6nnen unter Beweis. Auch die Jugendfeuerwehr Wallerfangen stellte sich der Herausforderung. In drei gemeinsamen Gruppen mit Rehlingen- Siersburg nahmen sie\u2026","rel":"","context":"In &quot;Neuigkeiten&quot;","img":{"alt_text":"Bildschirmfoto 2015-11-30 um 15.41.19","src":"https:\/\/i2.wp.com\/jugendfeuerwehr.wallerfangen.de\/wp-content\/uploads\/2015\/11\/Bildschirmfoto-2015-11-30-um-15.41.19-300x223.png?resize=350%2C200","width":350,"height":200},"classes":[]},{"id":850,"url":"http:\/\/jugendfeuerwehr.wallerfangen.de\/?p=850","url_meta":{"origin":78,"position":3},"title":"Leistungsmarsch der Jugendfeuerwehr in Ittersdorf","date":"20. August 2017","format":false,"excerpt":"Am 19. August gab es f\u00fcr die J\u00fcngsten der Feuerwehr Wallerfangen Anlass zum Feiern. Die Jugendfeuerwehr Ittersdorf beging ihr 50-j\u00e4hriges Bestehen. Im Rahmen der Feierlichkeiten lud die Jugendfeuerwehr zu einem Leistungsmarsch ein. Fr\u00fch am Morgen starteten 14 Gruppen mit rund 70 Jungen und M\u00e4dchen auf die rund 4 km lange\u2026","rel":"","context":"In &quot;Neuigkeiten&quot;","img":{"alt_text":"","src":"https:\/\/i0.wp.com\/jugendfeuerwehr.wallerfangen.de\/wp-content\/uploads\/2017\/08\/k-IMG_0425-300x200.jpg?resize=350%2C200","width":350,"height":200},"classes":[]},{"id":648,"url":"http:\/\/jugendfeuerwehr.wallerfangen.de\/?p=648","url_meta":{"origin":78,"position":4},"title":"Jugendfeuerwehr Wallerfangen im Biwak","date":"1. Juni 2016","format":false,"excerpt":"Bei der Jugendfeuerwehr Wallerfangen ist immer was los. Noch vor den Sommerferien, an Fronleichnam, ging es f\u00fcr die Jungs und M\u00e4dchen der Wallerfanger Jugendfeuerwehr zu einem verl\u00e4ngerten Wochenende nach Bachem. Die Jugendbetreuer haben f\u00fcr die Campteilnehmer ein interessantes Programm zusammen-gestellt: so wurde eine F\u00fchrung durch den Wolfpark Merzig gemacht und\u2026","rel":"","context":"In &quot;Neuigkeiten&quot;","img":{"alt_text":"","src":"","width":0,"height":0},"classes":[]},{"id":577,"url":"http:\/\/jugendfeuerwehr.wallerfangen.de\/?p=577","url_meta":{"origin":78,"position":5},"title":"Weihnachtsfeier","date":"13. Dezember 2015","format":false,"excerpt":"Die j\u00fcngsten der Feuerwehr Wallerfangen feierten Mitte Dezember ihre Weihnachtsfeier. In diesem Jahr hatten sich die Betreuer mal eine etwas andere Feier ausgedacht: Anstatt bei Kakao und Pl\u00e4tzchen drinnen zu feiern ging es in diesem Jahr raus in die Natur. Von D\u00fcren aus wanderten die Jugendlichen \u00fcber das Feld zur\u2026","rel":"","context":"In &quot;Neuigkeiten&quot;","img":{"alt_text":"DSC00287","src":"https:\/\/i2.wp.com\/jugendfeuerwehr.wallerfangen.de\/wp-content\/uploads\/2015\/11\/DSC00287-300x225.jpg?resize=350%2C200","width":350,"height":200},"classes":[]}],"_links":{"self":[{"href":"http:\/\/jugendfeuerwehr.wallerfangen.de\/index.php?rest_route=\/wp\/v2\/posts\/78"}],"collection":[{"href":"http:\/\/jugendfeuerwehr.wallerfangen.de\/index.php?rest_route=\/wp\/v2\/posts"}],"about":[{"href":"http:\/\/jugendfeuerwehr.wallerfangen.de\/index.php?rest_route=\/wp\/v2\/types\/post"}],"author":[{"embeddable":true,"href":"http:\/\/jugendfeuerwehr.wallerfangen.de\/index.php?rest_route=\/wp\/v2\/users\/2"}],"replies":[{"embeddable":true,"href":"http:\/\/jugendfeuerwehr.wallerfangen.de\/index.php?rest_route=%2Fwp%2Fv2%2Fcomments&post=78"}],"version-history":[{"count":6,"href":"http:\/\/jugendfeuerwehr.wallerfangen.de\/index.php?rest_route=\/wp\/v2\/posts\/78\/revisions"}],"predecessor-version":[{"id":89,"href":"http:\/\/jugendfeuerwehr.wallerfangen.de\/index.php?rest_route=\/wp\/v2\/posts\/78\/revisions\/89"}],"wp:attachment":[{"href":"http:\/\/jugendfeuerwehr.wallerfangen.de\/index.php?rest_route=%2Fwp%2Fv2%2Fmedia&parent=78"}],"wp:term":[{"taxonomy":"category","embeddable":true,"href":"http:\/\/jugendfeuerwehr.wallerfangen.de\/index.php?rest_route=%2Fwp%2Fv2%2Fcategories&post=78"},{"taxonomy":"post_tag","embeddable":true,"href":"http:\/\/jugendfeuerwehr.wallerfangen.de\/index.php?rest_route=%2Fwp%2Fv2%2Ftags&post=78"}],"curies":[{"name":"wp","href":"https:\/\/api.w.org\/{rel}","templated":true}]}}